{"id":104391,"date":"2025-12-13T08:11:34","date_gmt":"2025-12-13T08:11:34","guid":{"rendered":"https:\/\/www.europesays.com\/se\/104391\/"},"modified":"2025-12-13T08:11:34","modified_gmt":"2025-12-13T08:11:34","slug":"stjarntranare-utreds-for-piskrapp","status":"publish","type":"post","link":"https:\/\/www.europesays.com\/se\/104391\/","title":{"rendered":"Stj\u00e4rntr\u00e4nare utreds f\u00f6r piskrapp"},"content":{"rendered":"<p class=\"boxtextgrotesk-root_baa6 hyperion-css-1w346fg\">Publicerad 2025-12-11 11.55<\/p>\n<p>share-arrowDela<\/p>\n<p>unsaveSpara<\/p>\n<p>expand-left<\/p>\n<p>helsk\u00e4rm<img decoding=\"async\" class=\"image-asset hyperion-css-u06ts1\" data-test-tag=\"image-asset\" src=\"https:\/\/www.europesays.com\/se\/wp-content\/uploads\/2025\/12\/95a502b8-f5a8-44f2-9f03-70362a451d1d\"  alt=\"Travtr\u00e4naren Maria T\u00f6rnqvist utreds av Svensk travsport efter att en film spridits d\u00e4r man h\u00f6r piskrappsliknande ljud. Genrebild.\"  loading=\"eager\" fetchpriority=\"high\" style=\"aspect-ratio:1900 \/ 923\"\/>Travtr\u00e4naren Maria T\u00f6rnqvist utreds av Svensk travsport efter att en film spridits d\u00e4r man h\u00f6r piskrappsliknande ljud. Genrebild. Foto: Caisa Rasmussen\/TT<\/p>\n<p class=\"hyperion-css-1shl3oz\" data-test-tag=\"lead-text\">Stortr\u00e4naren Maria T\u00f6rnqvist utreds av Svensk travsport efter att en film spridits d\u00e4r det h\u00f6rs upprepade piskrappsliknande ljud.<\/p>\n<p class=\"hyperion-css-1shl3oz\" data-test-tag=\"lead-text\">\u2013 Visar utredningen att jag ska ha ett straff, s\u00e5 ska jag ha ett straff, s\u00e4ger \u00c5bytr\u00e4naren till Aftonbladet.<\/p>\n<p class=\"hyperion-css-1v9qo5x\">En privatperson filmade h\u00e4ndelsen p\u00e5 avst\u00e5nd i mars i \u00e5r. Efter att videon delats i sociala medier nu i december har Svensk travsport inlett en utredning, rapporterar Travronden.<\/p>\n<p class=\"hyperion-css-1v9qo5x\">\u201dSamtal f\u00f6rs nu med ber\u00f6rda parter och d\u00e4refter kan beslut tas hur \u00e4rendet hanteras vidare\u201d, st\u00e5r det p\u00e5 organisationens webbplats.<\/p>\n<p class=\"hyperion-css-1v9qo5x\">Det g\u00e5r inte se exakt vad som h\u00e4nder p\u00e5 filmen, men det h\u00f6rs ett antal piskrappsliknande ljud. Enligt filmaren blev ett av tv\u00e5 ekipage st\u00e5ende p\u00e5 en grusv\u00e4g n\u00e4r den ena h\u00e4sten inte ville g\u00e5 fram\u00e5t.<\/p>\n<p class=\"hyperion-css-1v9qo5x\">Travtr\u00e4naren Maria T\u00f6rnqvist h\u00e4vdar att ett av ekipagen hade blivit st\u00e5ende halvv\u00e4gs ner i ett dike efter att h\u00e4sten blivit skr\u00e4md av en hund.<\/p>\n<p class=\"hyperion-css-1v9qo5x\">\u2013 Vi f\u00f6rs\u00f6ker helt enkelt f\u00e5 upp henne ur diket och sl\u00e5r p\u00e5 skalmen med pisken f\u00f6r att undvika en olycka. Men jag f\u00f6rst\u00e5r verkligen att det som h\u00f6rs p\u00e5 klippet l\u00e5ter v\u00e4ldigt illa. Jag g\u00f6r verkligen det, s\u00e4ger T\u00f6rnqvist till Aftonbladet.<\/p>\n<p class=\"hyperion-css-1v9qo5x\">\u00c5bytr\u00e4naren T\u00f6rnqvists h\u00e4star har i \u00e5r k\u00f6rt in \u00f6ver 14 miljoner kronor. Enligt Aftonbladet har hon 114 h\u00e4star i tr\u00e4ning.<\/p>\n","protected":false},"excerpt":{"rendered":"Publicerad 2025-12-11 11.55 share-arrowDela unsaveSpara expand-left helsk\u00e4rmTravtr\u00e4naren Maria T\u00f6rnqvist utreds av Svensk travsport efter att en film spridits&hellip;\n","protected":false},"author":2,"featured_media":104392,"comment_status":"","ping_status":"","sticky":false,"template":"","format":"standard","meta":{"footnotes":""},"categories":[67],"tags":[104,34,31,33,32,30,105],"class_list":{"0":"post-104391","1":"post","2":"type-post","3":"status-publish","4":"format-standard","5":"has-post-thumbnail","7":"category-underhallning","8":"tag-entertainment","9":"tag-se","10":"tag-svenska","11":"tag-sverige","12":"tag-sweden","13":"tag-swedish","14":"tag-underhallning"},"share_on_mastodon":{"url":"https:\/\/pubeurope.com\/@se\/115711252044918132","error":""},"_links":{"self":[{"href":"https:\/\/www.europesays.com\/se\/wp-json\/wp\/v2\/posts\/104391","targetHints":{"allow":["GET"]}}],"collection":[{"href":"https:\/\/www.europesays.com\/se\/wp-json\/wp\/v2\/posts"}],"about":[{"href":"https:\/\/www.europesays.com\/se\/wp-json\/wp\/v2\/types\/post"}],"author":[{"embeddable":true,"href":"https:\/\/www.europesays.com\/se\/wp-json\/wp\/v2\/users\/2"}],"replies":[{"embeddable":true,"href":"https:\/\/www.europesays.com\/se\/wp-json\/wp\/v2\/comments?post=104391"}],"version-history":[{"count":0,"href":"https:\/\/www.europesays.com\/se\/wp-json\/wp\/v2\/posts\/104391\/revisions"}],"wp:featuredmedia":[{"embeddable":true,"href":"https:\/\/www.europesays.com\/se\/wp-json\/wp\/v2\/media\/104392"}],"wp:attachment":[{"href":"https:\/\/www.europesays.com\/se\/wp-json\/wp\/v2\/media?parent=104391"}],"wp:term":[{"taxonomy":"category","embeddable":true,"href":"https:\/\/www.europesays.com\/se\/wp-json\/wp\/v2\/categories?post=104391"},{"taxonomy":"post_tag","embeddable":true,"href":"https:\/\/www.europesays.com\/se\/wp-json\/wp\/v2\/tags?post=104391"}],"curies":[{"name":"wp","href":"https:\/\/api.w.org\/{rel}","templated":true}]}}