{"id":104395,"date":"2025-12-13T08:17:19","date_gmt":"2025-12-13T08:17:19","guid":{"rendered":"https:\/\/www.europesays.com\/se\/104395\/"},"modified":"2025-12-13T08:17:19","modified_gmt":"2025-12-13T08:17:19","slug":"har-ar-arets-lussekatt-nerikes-allehanda","status":"publish","type":"post","link":"https:\/\/www.europesays.com\/se\/104395\/","title":{"rendered":"H\u00e4r \u00e4r \u00c5rets lussekatt! \u2013 Nerikes Allehanda"},"content":{"rendered":"<p>NA-l\u00e4sarna har sagt sitt: 14-\u00e5rige Totoro i \u00d6rebro \u00e4r \u201d\u00c5rets lussekatt\u201d.<\/p>\n<p>Den h\u00e4r g\u00e5ngen avgjordes den omtyckta NA-t\u00e4vlingen f\u00f6r 12:e \u00e5ret i rad, och matte Frida Soll\u00e9n \u00e4r f\u00f6rst\u00e5s stolt och glad:<\/p>\n<p>\u2013 Det h\u00e4r \u00e4r s\u00e5 sp\u00e4nnande och kul! Det \u00e4r ju Totoro och jag \u2013 han \u00e4r min familj.<\/p>\n<p>Man skulle kunna s\u00e4ga att Totoro f\u00f6ddes till att bli \u201d\u00c5rets lussekatt\u201d. F\u00f6r h\u00f6gst troligt var det den saffransgula p\u00e4lsen som lockade m\u00e5nga NA-l\u00e4sare att l\u00e4gga sin r\u00f6st p\u00e5 honom.<\/p>\n<p>Tekniskt fel<\/p>\n<p class=\"message__text txt-ui txt-ui-2\">V\u00e4nligen f\u00f6rs\u00f6k igen senare.<\/p>\n<p>Den h\u00e4r artikeln \u00e4r bara f\u00f6r prenumeranter<\/p>\n<p class=\"txt-body txt-body-1\">Om du redan \u00e4r prenumerant: logga in!<\/p>\n","protected":false},"excerpt":{"rendered":"NA-l\u00e4sarna har sagt sitt: 14-\u00e5rige Totoro i \u00d6rebro \u00e4r \u201d\u00c5rets lussekatt\u201d. Den h\u00e4r g\u00e5ngen avgjordes den omtyckta NA-t\u00e4vlingen&hellip;\n","protected":false},"author":2,"featured_media":104396,"comment_status":"","ping_status":"","sticky":false,"template":"","format":"standard","meta":{"footnotes":""},"categories":[5],"tags":[22,23,26,27,17,21,24,25,28,29,15,16,18,34,31,33,32,30,19,20],"class_list":{"0":"post-104395","1":"post","2":"type-post","3":"status-publish","4":"format-standard","5":"has-post-thumbnail","7":"category-rubriker","8":"tag-breaking-news","9":"tag-breakingnews","10":"tag-featured-news","11":"tag-featurednews","12":"tag-headlines","13":"tag-huvudnyheter","14":"tag-latest-news","15":"tag-latestnews","16":"tag-main-news","17":"tag-mainnews","18":"tag-news","19":"tag-nyheter","20":"tag-rubriker","21":"tag-se","22":"tag-svenska","23":"tag-sverige","24":"tag-sweden","25":"tag-swedish","26":"tag-top-stories","27":"tag-topstories"},"share_on_mastodon":{"url":"https:\/\/pubeurope.com\/@se\/115711275382340264","error":""},"_links":{"self":[{"href":"https:\/\/www.europesays.com\/se\/wp-json\/wp\/v2\/posts\/104395","targetHints":{"allow":["GET"]}}],"collection":[{"href":"https:\/\/www.europesays.com\/se\/wp-json\/wp\/v2\/posts"}],"about":[{"href":"https:\/\/www.europesays.com\/se\/wp-json\/wp\/v2\/types\/post"}],"author":[{"embeddable":true,"href":"https:\/\/www.europesays.com\/se\/wp-json\/wp\/v2\/users\/2"}],"replies":[{"embeddable":true,"href":"https:\/\/www.europesays.com\/se\/wp-json\/wp\/v2\/comments?post=104395"}],"version-history":[{"count":0,"href":"https:\/\/www.europesays.com\/se\/wp-json\/wp\/v2\/posts\/104395\/revisions"}],"wp:featuredmedia":[{"embeddable":true,"href":"https:\/\/www.europesays.com\/se\/wp-json\/wp\/v2\/media\/104396"}],"wp:attachment":[{"href":"https:\/\/www.europesays.com\/se\/wp-json\/wp\/v2\/media?parent=104395"}],"wp:term":[{"taxonomy":"category","embeddable":true,"href":"https:\/\/www.europesays.com\/se\/wp-json\/wp\/v2\/categories?post=104395"},{"taxonomy":"post_tag","embeddable":true,"href":"https:\/\/www.europesays.com\/se\/wp-json\/wp\/v2\/tags?post=104395"}],"curies":[{"name":"wp","href":"https:\/\/api.w.org\/{rel}","templated":true}]}}