{"id":104400,"date":"2025-12-13T08:25:08","date_gmt":"2025-12-13T08:25:08","guid":{"rendered":"https:\/\/www.europesays.com\/se\/104400\/"},"modified":"2025-12-13T08:25:08","modified_gmt":"2025-12-13T08:25:08","slug":"allt-pa-ett-kort-hughes-affaren-tydligt-besked-fran-wild","status":"publish","type":"post","link":"https:\/\/www.europesays.com\/se\/104400\/","title":{"rendered":"Allt p\u00e5 ett kort \u2013 Hughes-aff\u00e4ren tydligt besked fr\u00e5n Wild"},"content":{"rendered":"<p>Det \u00e4r med andra ord ingen \u00f6verdrift att s\u00e4ga att Minnesota Wild precis blev en av favoriterna till Stanley Cup 2026.<\/p>\n<p>Men inte bara f\u00f6r att man h\u00e4mtade in Hughes, utan ocks\u00e5 f\u00f6r att backen kan bli pricken \u00f6ver i:et i det lagbygge som under november och december visat sig vara ett av ligans starkaste.<\/p>\n<p>Efter en allt annat \u00e4n optimal start som s\u00e5g Wild g\u00e5 3-6-3 under oktober m\u00e5nad har general manager Bill Guerins manskap v\u00e4xlat upp ordentligt och har, sedan oktober slog om till november, noterat ligans tredje b\u00e4sta facit: 14-3-2, med 30 inspelade po\u00e4ng p\u00e5 19 matcher.<\/p>\n<p>Problemet f\u00f6r Wild?<\/p>\n<p>De tv\u00e5 lag som g\u00e5tt b\u00e4ttre \u00e4n dem under samma tidsperiod \u00e4r Colorado Avalanche och Dallas Stars \u2013 tv\u00e5 divisionskonkurrenter som man med st\u00f6rsta sannolikhet kommer beh\u00f6va ta sig f\u00f6rbi i ett Stanley Cup-slutspel.<\/p>\n<p>\u2013 Killarna ska ha all heder, tr\u00e4narna likas\u00e5, sade general manager Guerin i en intervju med NHL @ TheRink tidigare i veckan. De fick ihop det och de har spelat betydligt b\u00e4ttre sedan i b\u00f6rjan av november. Nu handlar det om att bygga vidare p\u00e5 det h\u00e4r. Det r\u00e4cker med att kolla p\u00e5 v\u00e5r division f\u00f6r att se hur tufft klimatet \u00e4r. Det \u00e4r extremt t\u00e4vlingsinriktat.<\/p>\n<p>Guerin, som f\u00f6rv\u00e4ntas ge en presskonferens ang\u00e5ende bytesaff\u00e4ren under l\u00f6rdagskv\u00e4llen (svensk tid), tycks ha sett tillr\u00e4ckligt fr\u00e5n sitt lag den h\u00e4r s\u00e4songen f\u00f6r att b\u00e5da ge sig in i kampen om Hughes \u2013 och dessutom vara villig att bjuda \u00f6ver andra intressenter.<\/p>\n<p>\u00c5tminstone att d\u00f6ma av det uttalande Canucks klubbordf\u00f6rande Jim Rutherford gav i samband med bytesaff\u00e4ren.<\/p>\n<p>\u2013 Den h\u00e4r processen inleddes f\u00f6r ett par veckor sedan med f\u00f6rst\u00e5elsen att New Jersey (Devils) var den sannolika destinationen, sade Rutherford, d\u00e5 med h\u00e4nvisning till att Hughes b\u00e5da yngre br\u00f6der Jack och Luke spelar f\u00f6r Devils.<\/p>\n","protected":false},"excerpt":{"rendered":"Det \u00e4r med andra ord ingen \u00f6verdrift att s\u00e4ga att Minnesota Wild precis blev en av favoriterna till&hellip;\n","protected":false},"author":2,"featured_media":104401,"comment_status":"","ping_status":"","sticky":false,"template":"","format":"standard","meta":{"footnotes":""},"categories":[5],"tags":[22,23,26,27,17,21,24,25,28,29,15,16,18,34,31,33,32,30,19,20],"class_list":{"0":"post-104400","1":"post","2":"type-post","3":"status-publish","4":"format-standard","5":"has-post-thumbnail","7":"category-rubriker","8":"tag-breaking-news","9":"tag-breakingnews","10":"tag-featured-news","11":"tag-featurednews","12":"tag-headlines","13":"tag-huvudnyheter","14":"tag-latest-news","15":"tag-latestnews","16":"tag-main-news","17":"tag-mainnews","18":"tag-news","19":"tag-nyheter","20":"tag-rubriker","21":"tag-se","22":"tag-svenska","23":"tag-sverige","24":"tag-sweden","25":"tag-swedish","26":"tag-top-stories","27":"tag-topstories"},"share_on_mastodon":{"url":"https:\/\/pubeurope.com\/@se\/115711306860331461","error":""},"_links":{"self":[{"href":"https:\/\/www.europesays.com\/se\/wp-json\/wp\/v2\/posts\/104400","targetHints":{"allow":["GET"]}}],"collection":[{"href":"https:\/\/www.europesays.com\/se\/wp-json\/wp\/v2\/posts"}],"about":[{"href":"https:\/\/www.europesays.com\/se\/wp-json\/wp\/v2\/types\/post"}],"author":[{"embeddable":true,"href":"https:\/\/www.europesays.com\/se\/wp-json\/wp\/v2\/users\/2"}],"replies":[{"embeddable":true,"href":"https:\/\/www.europesays.com\/se\/wp-json\/wp\/v2\/comments?post=104400"}],"version-history":[{"count":0,"href":"https:\/\/www.europesays.com\/se\/wp-json\/wp\/v2\/posts\/104400\/revisions"}],"wp:featuredmedia":[{"embeddable":true,"href":"https:\/\/www.europesays.com\/se\/wp-json\/wp\/v2\/media\/104401"}],"wp:attachment":[{"href":"https:\/\/www.europesays.com\/se\/wp-json\/wp\/v2\/media?parent=104400"}],"wp:term":[{"taxonomy":"category","embeddable":true,"href":"https:\/\/www.europesays.com\/se\/wp-json\/wp\/v2\/categories?post=104400"},{"taxonomy":"post_tag","embeddable":true,"href":"https:\/\/www.europesays.com\/se\/wp-json\/wp\/v2\/tags?post=104400"}],"curies":[{"name":"wp","href":"https:\/\/api.w.org\/{rel}","templated":true}]}}