{"id":104412,"date":"2025-12-13T08:41:33","date_gmt":"2025-12-13T08:41:33","guid":{"rendered":"https:\/\/www.europesays.com\/se\/104412\/"},"modified":"2025-12-13T08:41:33","modified_gmt":"2025-12-13T08:41:33","slug":"trump-far-vanta-pa-sina-nya-flygplan","status":"publish","type":"post","link":"https:\/\/www.europesays.com\/se\/104412\/","title":{"rendered":"Trump f\u00e5r v\u00e4nta p\u00e5 sina nya flygplan"},"content":{"rendered":"<p>share-arrowDela<\/p>\n<p>unsaveSpara<\/p>\n<p>expand-left<\/p>\n<p>helsk\u00e4rm<img decoding=\"async\" class=\"image-asset hyperion-css-u06ts1\" data-test-tag=\"image-asset\" src=\"https:\/\/www.europesays.com\/se\/wp-content\/uploads\/2025\/12\/e5985e74-4bc1-4edb-a812-09bb5ac77bfb\"  alt=\"Air Force One ska bytas ut. Arkivbild.\"  loading=\"eager\" fetchpriority=\"high\" style=\"aspect-ratio:1900 \/ 1277\"\/>Air Force One ska bytas ut. Arkivbild. Foto: Cliff Owen\/AP\/TT<\/p>\n<p class=\"hyperion-css-1shl3oz\" data-test-tag=\"lead-text\">President Donald Trumps v\u00e4ntan p\u00e5 en ny uppdaterad version av presidentplanet Air Force One f\u00f6rl\u00e4ngs. F\u00f6rst i mitten av 2028 kan det f\u00f6rsta av tv\u00e5 plan levereras \u2013 som tidigast.<\/p>\n<p class=\"hyperion-css-1v9qo5x\">Beskedet kommer fr\u00e5n det amerikanska flygvapnet och inneb\u00e4r ytterligare en tidsf\u00f6rskjutning fr\u00e5n den senaste tidsplanen, d\u00e5 med planerad leverans n\u00e4sta \u00e5r.<\/p>\n<p class=\"hyperion-css-1v9qo5x\">Flygplanstillverkaren Boeing har st\u00f6tt p\u00e5 en rad problem under produktionen. Det handlar bland annat om tekniska problem med f\u00f6nsterrutor och buller i kabinen.<\/p>\n<p class=\"hyperion-css-1v9qo5x\">Vita huset har inte kommenterat det nya beskedet, men Trump p\u00e5pekade redan i februari att \u201dde kan aldrig f\u00e5 klart den d\u00e4r f\u00f6rbannade saken\u201d.<\/p>\n<p class=\"hyperion-css-1v9qo5x\">Den ursprungliga ordern lades redan under Trumps f\u00f6rsta presidentsejour och d\u00e5 sattes leveransdatum till december 2024. Pentagon har betalat 3,9 miljarder dollar f\u00f6r de b\u00e5da versionerna av Boeings modell 747-8s.<\/p>\n","protected":false},"excerpt":{"rendered":"share-arrowDela unsaveSpara expand-left helsk\u00e4rmAir Force One ska bytas ut. Arkivbild. Foto: Cliff Owen\/AP\/TT President Donald Trumps v\u00e4ntan p\u00e5&hellip;\n","protected":false},"author":2,"featured_media":104413,"comment_status":"","ping_status":"","sticky":false,"template":"","format":"standard","meta":{"footnotes":""},"categories":[5],"tags":[22,23,26,27,17,21,24,25,28,29,15,16,18,34,31,33,32,30,19,20],"class_list":{"0":"post-104412","1":"post","2":"type-post","3":"status-publish","4":"format-standard","5":"has-post-thumbnail","7":"category-rubriker","8":"tag-breaking-news","9":"tag-breakingnews","10":"tag-featured-news","11":"tag-featurednews","12":"tag-headlines","13":"tag-huvudnyheter","14":"tag-latest-news","15":"tag-latestnews","16":"tag-main-news","17":"tag-mainnews","18":"tag-news","19":"tag-nyheter","20":"tag-rubriker","21":"tag-se","22":"tag-svenska","23":"tag-sverige","24":"tag-sweden","25":"tag-swedish","26":"tag-top-stories","27":"tag-topstories"},"share_on_mastodon":{"url":"https:\/\/pubeurope.com\/@se\/115711369892250428","error":""},"_links":{"self":[{"href":"https:\/\/www.europesays.com\/se\/wp-json\/wp\/v2\/posts\/104412","targetHints":{"allow":["GET"]}}],"collection":[{"href":"https:\/\/www.europesays.com\/se\/wp-json\/wp\/v2\/posts"}],"about":[{"href":"https:\/\/www.europesays.com\/se\/wp-json\/wp\/v2\/types\/post"}],"author":[{"embeddable":true,"href":"https:\/\/www.europesays.com\/se\/wp-json\/wp\/v2\/users\/2"}],"replies":[{"embeddable":true,"href":"https:\/\/www.europesays.com\/se\/wp-json\/wp\/v2\/comments?post=104412"}],"version-history":[{"count":0,"href":"https:\/\/www.europesays.com\/se\/wp-json\/wp\/v2\/posts\/104412\/revisions"}],"wp:featuredmedia":[{"embeddable":true,"href":"https:\/\/www.europesays.com\/se\/wp-json\/wp\/v2\/media\/104413"}],"wp:attachment":[{"href":"https:\/\/www.europesays.com\/se\/wp-json\/wp\/v2\/media?parent=104412"}],"wp:term":[{"taxonomy":"category","embeddable":true,"href":"https:\/\/www.europesays.com\/se\/wp-json\/wp\/v2\/categories?post=104412"},{"taxonomy":"post_tag","embeddable":true,"href":"https:\/\/www.europesays.com\/se\/wp-json\/wp\/v2\/tags?post=104412"}],"curies":[{"name":"wp","href":"https:\/\/api.w.org\/{rel}","templated":true}]}}