{"id":104420,"date":"2025-12-13T08:47:07","date_gmt":"2025-12-13T08:47:07","guid":{"rendered":"https:\/\/www.europesays.com\/se\/104420\/"},"modified":"2025-12-13T08:47:07","modified_gmt":"2025-12-13T08:47:07","slug":"i-natt-flera-fall-av-misshandel-kvinna-dragen-i-haret-kastat-flaskor-nwt","status":"publish","type":"post","link":"https:\/\/www.europesays.com\/se\/104420\/","title":{"rendered":"I NATT: Flera fall av misshandel \u2013 kvinna dragen i h\u00e5ret: \u201dKastat flaskor\u201d &#8211; NWT"},"content":{"rendered":"<ol>\n<li><a href=\"https:\/\/news.google.com\/rss\/articles\/CBMinwFBVV95cUxNVHJFMXg4SmowSFI1MFlnN2VWeTc2N1l0RFRWSXhFRS1xZzBPdTRxQmE1TEZWOWl0Z0F4OUFPYk1uR2FZZl9WRFlSWEF0VUZTNlJEcE1ucndWVGNRVFNBMi1IM1l3TC0tajQ4bzNQbE5PdnNNdzhwbnNSRU13RnF6bnVCTklkVGx3aXJqcXVHX3I1bERBOWJJcXZtbjhKdG8?oc=5\" target=\"_blank\" rel=\"nofollow noopener\">I NATT: Flera fall av misshandel \u2013 kvinna dragen i h\u00e5ret: \u201dKastat flaskor\u201d<\/a>&nbsp;&nbsp;NWT<\/li>\n<li><a href=\"https:\/\/news.google.com\/rss\/articles\/CBMiigFBVV95cUxQUWJvS1FnSC00TVhkb0l4ZU5HYkJXZmo4VklxS1V1dVVYdlBJLWk0anJqaFJ5NEJkbGhyNEVXaS1xSmpXZ3VPeHpXVUVNbVRSd3p0UzR0SVF3YWdTVkJMWkthcl9QbHhnN1FtQ1MyUF9hTkFFTkV6eE15Ukc0RnVwX3ZJMnNBcVNfLUE?oc=5\" target=\"_blank\" rel=\"nofollow noopener\">Utkl\u00e4dd man orsakade t\u00e5gstopp i Arvika<\/a>&nbsp;&nbsp;aftonbladet.se<\/li>\n<li><a href=\"https:\/\/news.google.com\/rss\/articles\/CBMipAFBVV95cUxOYkhweUFwUmxYWVljUGdHQXdjckR4MmY5LU5pbDQ5cWZIb0lrX3dkV3Q5dnMwVVdKaFgtODBLemptOEdXdkk3QWljbWhxZWxQRGhLVFRYc1VmcTJBTWJzX2NDb1R4VjJMNnV4a3dFZnpYSnU0akhYVjkwUWxWX3psZkp6dmF2ZUJjQzlBMGlIQ1M1eVBuaVRQaVotQlNxUUlBSEx2Ug?oc=5\" target=\"_blank\" rel=\"nofollow noopener\">I NATT: Berusad man orsakade t\u00e5gstopp och angrep polis: \u201dUtkl\u00e4dd till pirat\u201d<\/a>&nbsp;&nbsp;NWT<\/li>\n<li><a href=\"https:\/\/news.google.com\/rss\/articles\/CBMilgFBVV95cUxOTnhEMXlSVVVWajAxbmNKUXdqYll2RzlyeUZOb0lGdzBZeVM0U202cllSdGZ6QmtHbU10c2pGWHpnUGhTTDRrNWM3SUsycHBxRjY2UGYzdl9LNTY5VXd5OFFkQXhWbVMxYVlwUUZLa2I2UzFXOUZQeGp3d0VNMWhTdWhnY2p3X2t1RFgwb2ZHVDk3aXZkX1E?oc=5\" target=\"_blank\" rel=\"nofollow noopener\">I NATT: Br\u00e5k p\u00e5 restaurang \u2013 kvinna dragen i h\u00e5ret: \u201dKastat flaskor\u201d<\/a>&nbsp;&nbsp;VF<\/li>\n<li><a href=\"https:\/\/news.google.com\/rss\/articles\/CBMi3gFBVV95cUxPUk5Rb3VxODVtT1V0VlFJSU1Pd1RabWNKOGFwTHNFc0ktU19PanI5cmdubUIxeWFDZWg0aW1pdDBuWlV1bm1vTFZ1c1k2RGljMUxWdXk1R3VhUUZSUmItV3lDX2dYdk5rY2s0RGJqRTBiRTQxTENueDJpMGtVR2NhajdkdENGVEdRY2o5OWtOZ2VkWk5ScG41VHcwYlNEczhCVGRjMUZneTlZWjZNUXBtTDJaLXdZYnpUVldKT1Y0WHJmUVRpWTJtYkpvQnJDQi0zVEdvUDU2UTBJcXh2WVE?oc=5\" target=\"_blank\" rel=\"nofollow noopener\">Nedan f\u00f6ljer ett urval av nattens operativa h\u00e4ndelser i l\u00e4net<\/a>&nbsp;&nbsp;Brottsplatskartan.se<\/li>\n<\/ol>\n","protected":false},"excerpt":{"rendered":"I NATT: Flera fall av misshandel \u2013 kvinna dragen i h\u00e5ret: \u201dKastat flaskor\u201d&nbsp;&nbsp;NWT Utkl\u00e4dd man orsakade t\u00e5gstopp i&hellip;\n","protected":false},"author":2,"featured_media":104421,"comment_status":"","ping_status":"","sticky":false,"template":"","format":"standard","meta":{"footnotes":""},"categories":[14],"tags":[22,23,26,27,17,21,24,25,28,29,15,16,18,34,31,33,32,30,19,20,51,52,53,54],"class_list":{"0":"post-104420","1":"post","2":"type-post","3":"status-publish","4":"format-standard","5":"has-post-thumbnail","7":"category-varlden","8":"tag-breaking-news","9":"tag-breakingnews","10":"tag-featured-news","11":"tag-featurednews","12":"tag-headlines","13":"tag-huvudnyheter","14":"tag-latest-news","15":"tag-latestnews","16":"tag-main-news","17":"tag-mainnews","18":"tag-news","19":"tag-nyheter","20":"tag-rubriker","21":"tag-se","22":"tag-svenska","23":"tag-sverige","24":"tag-sweden","25":"tag-swedish","26":"tag-top-stories","27":"tag-topstories","28":"tag-varlden","29":"tag-world","30":"tag-world-news","31":"tag-worldnews"},"share_on_mastodon":{"url":"https:\/\/pubeurope.com\/@se\/115711393370720107","error":""},"_links":{"self":[{"href":"https:\/\/www.europesays.com\/se\/wp-json\/wp\/v2\/posts\/104420","targetHints":{"allow":["GET"]}}],"collection":[{"href":"https:\/\/www.europesays.com\/se\/wp-json\/wp\/v2\/posts"}],"about":[{"href":"https:\/\/www.europesays.com\/se\/wp-json\/wp\/v2\/types\/post"}],"author":[{"embeddable":true,"href":"https:\/\/www.europesays.com\/se\/wp-json\/wp\/v2\/users\/2"}],"replies":[{"embeddable":true,"href":"https:\/\/www.europesays.com\/se\/wp-json\/wp\/v2\/comments?post=104420"}],"version-history":[{"count":0,"href":"https:\/\/www.europesays.com\/se\/wp-json\/wp\/v2\/posts\/104420\/revisions"}],"wp:featuredmedia":[{"embeddable":true,"href":"https:\/\/www.europesays.com\/se\/wp-json\/wp\/v2\/media\/104421"}],"wp:attachment":[{"href":"https:\/\/www.europesays.com\/se\/wp-json\/wp\/v2\/media?parent=104420"}],"wp:term":[{"taxonomy":"category","embeddable":true,"href":"https:\/\/www.europesays.com\/se\/wp-json\/wp\/v2\/categories?post=104420"},{"taxonomy":"post_tag","embeddable":true,"href":"https:\/\/www.europesays.com\/se\/wp-json\/wp\/v2\/tags?post=104420"}],"curies":[{"name":"wp","href":"https:\/\/api.w.org\/{rel}","templated":true}]}}