{"id":104425,"date":"2025-12-13T08:52:45","date_gmt":"2025-12-13T08:52:45","guid":{"rendered":"https:\/\/www.europesays.com\/se\/104425\/"},"modified":"2025-12-13T08:52:45","modified_gmt":"2025-12-13T08:52:45","slug":"hemmatranaren-detser-spannande-ut-trav","status":"publish","type":"post","link":"https:\/\/www.europesays.com\/se\/104425\/","title":{"rendered":"Hemmatr\u00e4naren: \u201dDet\nser sp\u00e4nnande ut&#8230;\u201d | Trav"},"content":{"rendered":"<p>Publicerad 12 dec 2025 kl 17.30<\/p>\n<p>PremiumV64 delas mellan Um\u00e5ker och Bolln\u00e4s med fem miljoner i jackpot.<\/p>\n<p>Med Expressen Premium f\u00e5r ni det hetaste snacket inf\u00f6r kv\u00e4llens omg\u00e5ng.<\/p>\n<p>\u2713 \u201dL\u00e5ng distans \u00e4r ett plus\u201d<\/p>\n<p>\u2713 \u201dTrivs i ledningen \u2013 ser sp\u00e4nnande ut\u201d<\/p>\n<p>\u2713 \u201dD\u00e5 \u00e4r han med och hugger\u201d<\/p>\n<p><img   alt=\"\"\/><\/p>\n<p>Jonna Irri kan sk\u00f6rda stora framg\u00e5ngar p\u00e5 hemmaplan.<\/p>\n<p>Foto: MIKAEL WIKNER \/ TR Media<\/p>\n<p>\u00d6ppna bild i helsk\u00e4rm<\/p>\n","protected":false},"excerpt":{"rendered":"Publicerad 12 dec 2025 kl 17.30 PremiumV64 delas mellan Um\u00e5ker och Bolln\u00e4s med fem miljoner i jackpot. Med&hellip;\n","protected":false},"author":2,"featured_media":104426,"comment_status":"","ping_status":"","sticky":false,"template":"","format":"standard","meta":{"footnotes":""},"categories":[67],"tags":[104,2576,2577,11778,103,34,1033,31,33,32,30,105],"class_list":{"0":"post-104425","1":"post","2":"type-post","3":"status-publish","4":"format-standard","5":"has-post-thumbnail","7":"category-underhallning","8":"tag-entertainment","9":"tag-organization-travsport","10":"tag-organization-v64","11":"tag-organization-v64-tips","12":"tag-premium","13":"tag-se","14":"tag-sections-trav","15":"tag-svenska","16":"tag-sverige","17":"tag-sweden","18":"tag-swedish","19":"tag-underhallning"},"share_on_mastodon":{"url":"https:\/\/pubeurope.com\/@se\/115711413063694810","error":""},"_links":{"self":[{"href":"https:\/\/www.europesays.com\/se\/wp-json\/wp\/v2\/posts\/104425","targetHints":{"allow":["GET"]}}],"collection":[{"href":"https:\/\/www.europesays.com\/se\/wp-json\/wp\/v2\/posts"}],"about":[{"href":"https:\/\/www.europesays.com\/se\/wp-json\/wp\/v2\/types\/post"}],"author":[{"embeddable":true,"href":"https:\/\/www.europesays.com\/se\/wp-json\/wp\/v2\/users\/2"}],"replies":[{"embeddable":true,"href":"https:\/\/www.europesays.com\/se\/wp-json\/wp\/v2\/comments?post=104425"}],"version-history":[{"count":0,"href":"https:\/\/www.europesays.com\/se\/wp-json\/wp\/v2\/posts\/104425\/revisions"}],"wp:featuredmedia":[{"embeddable":true,"href":"https:\/\/www.europesays.com\/se\/wp-json\/wp\/v2\/media\/104426"}],"wp:attachment":[{"href":"https:\/\/www.europesays.com\/se\/wp-json\/wp\/v2\/media?parent=104425"}],"wp:term":[{"taxonomy":"category","embeddable":true,"href":"https:\/\/www.europesays.com\/se\/wp-json\/wp\/v2\/categories?post=104425"},{"taxonomy":"post_tag","embeddable":true,"href":"https:\/\/www.europesays.com\/se\/wp-json\/wp\/v2\/tags?post=104425"}],"curies":[{"name":"wp","href":"https:\/\/api.w.org\/{rel}","templated":true}]}}