{"id":104427,"date":"2025-12-13T08:54:12","date_gmt":"2025-12-13T08:54:12","guid":{"rendered":"https:\/\/www.europesays.com\/se\/104427\/"},"modified":"2025-12-13T08:54:12","modified_gmt":"2025-12-13T08:54:12","slug":"svenskarna-har-blivit-tre-ganger-rikare-pa-20-ar","status":"publish","type":"post","link":"https:\/\/www.europesays.com\/se\/104427\/","title":{"rendered":"Svenskarna har blivit tre g\u00e5nger rikare p\u00e5 20 \u00e5r"},"content":{"rendered":"<p>Svenskarna har totalt sett blivit rikare och antalet svenska miljard\u00e4rer skjuter i h\u00f6jden. Det visar en ny studie fr\u00e5n Institutet f\u00f6r N\u00e4ringslivsforskning. <\/p>\n<p>\u2013 N\u00e4stan alla har blivit rikare. Vi ser att bredden har gynnats av \u00f6kade v\u00e4rden p\u00e5 deras bost\u00e4der och faktiskt fondssparande \u2013 pensionsfondernas v\u00e4rde har stigit mycket, s\u00e4ger Daniel Waldenstr\u00f6m, nationalekonom vid IFN, till SVT:s Ekonomibyr\u00e5n. <\/p>\n<p>Mellan 1999 och 2020 har antalet miljard\u00e4rer \u00f6kat fr\u00e5n 50 till 500. Och f\u00f6r hela befolkningen har snittsvenskens f\u00f6rm\u00f6genhet \u00f6kat fr\u00e5n en till tre miljoner kronor. Inte minst f\u00f6retags\u00e4gande ligger bakom den snabba tillv\u00e4xten, uppger Waldenstr\u00f6m.<\/p>\n<p>Omni \u00e4r politiskt obundna och oberoende. Vi str\u00e4var efter att ge fler perspektiv p\u00e5 nyheterna. Har du fr\u00e5gor eller synpunkter kring v\u00e5r rapportering? <a href=\"https:\/\/omni.se\/svenskar-tre-ganger-rikare-pa-20-ar-miljardarerna-rycker\/a\/mailto:redaktion@omni.se\" class=\"ArticleActions_contactLink__W2F1M\" rel=\"nofollow noopener\" target=\"_blank\">Kontakta redaktionen<\/a><\/p>\n","protected":false},"excerpt":{"rendered":"Svenskarna har totalt sett blivit rikare och antalet svenska miljard\u00e4rer skjuter i h\u00f6jden. Det visar en ny studie&hellip;\n","protected":false},"author":2,"featured_media":104428,"comment_status":"","ping_status":"","sticky":false,"template":"","format":"standard","meta":{"footnotes":""},"categories":[65],"tags":[72,70,71,4646,1323,349,34,1142,31,33,32,30],"class_list":{"0":"post-104427","1":"post","2":"type-post","3":"status-publish","4":"format-standard","5":"has-post-thumbnail","7":"category-ekonomi","8":"tag-business","9":"tag-economy","10":"tag-ekonomi","11":"tag-entreprenorskap","12":"tag-miljardar","13":"tag-privatekonomi","14":"tag-se","15":"tag-sparande","16":"tag-svenska","17":"tag-sverige","18":"tag-sweden","19":"tag-swedish"},"share_on_mastodon":{"url":"https:\/\/pubeurope.com\/@se\/115711421007989945","error":""},"_links":{"self":[{"href":"https:\/\/www.europesays.com\/se\/wp-json\/wp\/v2\/posts\/104427","targetHints":{"allow":["GET"]}}],"collection":[{"href":"https:\/\/www.europesays.com\/se\/wp-json\/wp\/v2\/posts"}],"about":[{"href":"https:\/\/www.europesays.com\/se\/wp-json\/wp\/v2\/types\/post"}],"author":[{"embeddable":true,"href":"https:\/\/www.europesays.com\/se\/wp-json\/wp\/v2\/users\/2"}],"replies":[{"embeddable":true,"href":"https:\/\/www.europesays.com\/se\/wp-json\/wp\/v2\/comments?post=104427"}],"version-history":[{"count":0,"href":"https:\/\/www.europesays.com\/se\/wp-json\/wp\/v2\/posts\/104427\/revisions"}],"wp:featuredmedia":[{"embeddable":true,"href":"https:\/\/www.europesays.com\/se\/wp-json\/wp\/v2\/media\/104428"}],"wp:attachment":[{"href":"https:\/\/www.europesays.com\/se\/wp-json\/wp\/v2\/media?parent=104427"}],"wp:term":[{"taxonomy":"category","embeddable":true,"href":"https:\/\/www.europesays.com\/se\/wp-json\/wp\/v2\/categories?post=104427"},{"taxonomy":"post_tag","embeddable":true,"href":"https:\/\/www.europesays.com\/se\/wp-json\/wp\/v2\/tags?post=104427"}],"curies":[{"name":"wp","href":"https:\/\/api.w.org\/{rel}","templated":true}]}}