{"id":104434,"date":"2025-12-13T09:05:12","date_gmt":"2025-12-13T09:05:12","guid":{"rendered":"https:\/\/www.europesays.com\/se\/104434\/"},"modified":"2025-12-13T09:05:12","modified_gmt":"2025-12-13T09:05:12","slug":"pensionar-spottade-ut-lov-far-boter","status":"publish","type":"post","link":"https:\/\/www.europesays.com\/se\/104434\/","title":{"rendered":"Pension\u00e4r spottade ut l\u00f6v \u2013 f\u00e5r b\u00f6ter"},"content":{"rendered":"<p><a data-test-tag=\"internal-link\" href=\"https:\/\/www.aftonbladet.se\/av\/johan-edgar\" class=\"hyperion-css-13ns1rr\" rel=\"nofollow noopener\" target=\"\" aria-label=\"Se alla artiklar av Johan Edgar\"><img decoding=\"async\" class=\"image-asset hyperion-css-n6kkq1\" data-test-tag=\"image-asset\" src=\"https:\/\/www.europesays.com\/se\/wp-content\/uploads\/2025\/12\/1765616711_771_95268424-8e04-40ee-ba36-b98d6cc58976\"  alt=\"\"  loading=\"lazy\" fetchpriority=\"auto\" style=\"aspect-ratio:1900 \/ 1900\"\/><\/a>share-arrowDela<\/p>\n<p>unsaveSpara<\/p>\n<p>expand-left<\/p>\n<p>helsk\u00e4rm<img decoding=\"async\" class=\"image-asset hyperion-css-u06ts1\" data-test-tag=\"image-asset\" src=\"https:\/\/www.europesays.com\/se\/wp-content\/uploads\/2025\/12\/d57563e9-81c3-4f5b-95a8-03ade5cfb676\"  alt=\"\"  loading=\"eager\" fetchpriority=\"high\" style=\"aspect-ratio:1600 \/ 900\"\/> Foto: Privat<\/p>\n<p class=\"hyperion-css-1shl3oz\" data-test-tag=\"lead-text\">Han svalde ett litet l\u00f6v.<\/p>\n<p class=\"hyperion-css-1shl3oz\" data-test-tag=\"lead-text\">Men fick hosta upp desto mer.<\/p>\n<p class=\"hyperion-css-1shl3oz\" data-test-tag=\"lead-text\">Nu vill 86-\u00e5ringen inte g\u00e5 ut.<\/p>\n<p class=\"hyperion-css-1v9qo5x\">Vad g\u00f6r man om man ser en 86-\u00e5rig man st\u00e5 och spotta och fr\u00e4sa under en vinterpromenad i skogen?<\/p>\n<p class=\"hyperion-css-1v9qo5x\">Fr\u00e5gar hur han m\u00e5r?<\/p>\n<p>L\u00f6vet bl\u00e5ste in<\/p>\n<p class=\"hyperion-css-1v9qo5x\">Eller s\u00e5 kan man g\u00f6ra som kommunens inspekt\u00f6rer i engelska Skegness och ge honom 3\u00a0000 kronor i b\u00f6ter f\u00f6r nedskr\u00e4pning.<\/p>\n<p class=\"hyperion-css-1v9qo5x\">Inspekt\u00f6rerna har polisi\u00e4ra befogenheter att b\u00f6tf\u00e4lla n\u00e4r det g\u00e4ller insatser mot milj\u00f6brott.<\/p>\n<p class=\"hyperion-css-1v9qo5x\">Roy Marsh, 86, var ute p\u00e5 sin dagliga promenad i omgivningarna kring bostaden i februari i \u00e5r n\u00e4r ett litet l\u00f6v bl\u00e5ste in i hans mun, <a aria-label=\"skriver Sky News\" class=\"default hyperion-css-15jkft9\" href=\"https:\/\/news.sky.com\/story\/fine-for-grandfather-who-spat-out-a-leaf-a-total-disgrace-13482214\" rel=\"noopener nofollow noreferrer\" data-test-tag=\"external-link\" target=\"_blank\">skriver Sky News<\/a>.<\/p>\n<p>expand-left<\/p>\n<p>helsk\u00e4rm<img decoding=\"async\" class=\"image-asset hyperion-css-u06ts1\" data-test-tag=\"image-asset\" src=\"https:\/\/www.europesays.com\/se\/wp-content\/uploads\/2025\/12\/2010e67f-c648-4f0c-bc19-f07ffc3b4245\"  alt=\"Ett l\u00f6v bl\u00e5ste in i pension\u00e4rens mun.\"  loading=\"eager\" fetchpriority=\"high\" style=\"aspect-ratio:1900 \/ 1109\"\/>Ett l\u00f6v bl\u00e5ste in i pension\u00e4rens mun. Foto: Gorm Kallestad\/NTB\/Arkiv<\/p>\n<p class=\"hyperion-css-1v9qo5x\">N\u00e4r han spottade ut det hade inspekt\u00f6rerna \u00f6gonen p\u00e5 honom \u2013 och tog honom p\u00e5 bar g\u00e4rning.<\/p>\n<p class=\"hyperion-css-1v9qo5x\">\u2013 Han skulle inte g\u00f6ra en fluga f\u00f6rn\u00e4r och de d\u00e4r j\u00e4vlarna mobbar de \u00e4ldre och det \u00e4r hj\u00e4rtsk\u00e4rande, s\u00e4ger dottern Jane Fitzpatrick som f\u00e5tt faderns historia viral genom ett inl\u00e4gg p\u00e5 Facebook.<\/p>\n<p>\u201dFullst\u00e4ndig skam\u201d<\/p>\n<p class=\"hyperion-css-1v9qo5x\">Hon s\u00e4ger att fadern \u2013 som har sv\u00e5rt att g\u00e5, hj\u00e4rtproblem och sv\u00e5r astma \u2013 blev uppskakad av h\u00e4ndelsen och slutade med sina promenader under en tid.<\/p>\n<p class=\"hyperion-css-1v9qo5x\">\u201dDe d\u00e4r inspekt\u00f6rerna trakasserar och terroriserar \u00e4ldre m\u00e4nniskor och det \u00e4r en fullst\u00e4ndig skam\u201d, skrev Fitzpatrick i sitt inl\u00e4gg.<\/p>\n<p class=\"hyperion-css-1v9qo5x\">Efter all uppm\u00e4rksamhet inl\u00e4gget f\u00e5tt hoppas hon nu att Roy ska f\u00e5 tillbaka b\u00f6tessumman, som senare reducerades till cirka 1\u00a0850 kronor.<\/p>\n<p>Ingriper mot milj\u00f6brott<\/p>\n<p class=\"hyperion-css-1v9qo5x\">\u2013 \u00c4ven om vi inte kan g\u00e5 in p\u00e5 omst\u00e4ndigheterna i enskilda fall, kommer de tillsynstj\u00e4nstem\u00e4n som arbetar p\u00e5 uppdrag av kommunen endast att ingripa mot personer som har setts beg\u00e5 milj\u00f6brott, s\u00e4ger en talesperson f\u00f6r kommunen till Sky News.<\/p>\n<p class=\"hyperion-css-1v9qo5x\">\u2013 Detta inkluderar att spotta, som r\u00e4knas som nedskr\u00e4pning.<\/p>\n","protected":false},"excerpt":{"rendered":"share-arrowDela unsaveSpara expand-left helsk\u00e4rm Foto: Privat Han svalde ett litet l\u00f6v. Men fick hosta upp desto mer. Nu&hellip;\n","protected":false},"author":2,"featured_media":104435,"comment_status":"","ping_status":"","sticky":false,"template":"","format":"standard","meta":{"footnotes":""},"categories":[5],"tags":[22,23,26,27,17,21,24,25,28,29,15,16,18,34,31,33,32,30,19,20],"class_list":{"0":"post-104434","1":"post","2":"type-post","3":"status-publish","4":"format-standard","5":"has-post-thumbnail","7":"category-rubriker","8":"tag-breaking-news","9":"tag-breakingnews","10":"tag-featured-news","11":"tag-featurednews","12":"tag-headlines","13":"tag-huvudnyheter","14":"tag-latest-news","15":"tag-latestnews","16":"tag-main-news","17":"tag-mainnews","18":"tag-news","19":"tag-nyheter","20":"tag-rubriker","21":"tag-se","22":"tag-svenska","23":"tag-sverige","24":"tag-sweden","25":"tag-swedish","26":"tag-top-stories","27":"tag-topstories"},"share_on_mastodon":{"url":"https:\/\/pubeurope.com\/@se\/115711464375021267","error":""},"_links":{"self":[{"href":"https:\/\/www.europesays.com\/se\/wp-json\/wp\/v2\/posts\/104434","targetHints":{"allow":["GET"]}}],"collection":[{"href":"https:\/\/www.europesays.com\/se\/wp-json\/wp\/v2\/posts"}],"about":[{"href":"https:\/\/www.europesays.com\/se\/wp-json\/wp\/v2\/types\/post"}],"author":[{"embeddable":true,"href":"https:\/\/www.europesays.com\/se\/wp-json\/wp\/v2\/users\/2"}],"replies":[{"embeddable":true,"href":"https:\/\/www.europesays.com\/se\/wp-json\/wp\/v2\/comments?post=104434"}],"version-history":[{"count":0,"href":"https:\/\/www.europesays.com\/se\/wp-json\/wp\/v2\/posts\/104434\/revisions"}],"wp:featuredmedia":[{"embeddable":true,"href":"https:\/\/www.europesays.com\/se\/wp-json\/wp\/v2\/media\/104435"}],"wp:attachment":[{"href":"https:\/\/www.europesays.com\/se\/wp-json\/wp\/v2\/media?parent=104434"}],"wp:term":[{"taxonomy":"category","embeddable":true,"href":"https:\/\/www.europesays.com\/se\/wp-json\/wp\/v2\/categories?post=104434"},{"taxonomy":"post_tag","embeddable":true,"href":"https:\/\/www.europesays.com\/se\/wp-json\/wp\/v2\/tags?post=104434"}],"curies":[{"name":"wp","href":"https:\/\/api.w.org\/{rel}","templated":true}]}}