{"id":104438,"date":"2025-12-13T09:13:08","date_gmt":"2025-12-13T09:13:08","guid":{"rendered":"https:\/\/www.europesays.com\/se\/104438\/"},"modified":"2025-12-13T09:13:08","modified_gmt":"2025-12-13T09:13:08","slug":"tva-ryssar-startar-i-varldscupen-juridiskt-faktum","status":"publish","type":"post","link":"https:\/\/www.europesays.com\/se\/104438\/","title":{"rendered":"Tv\u00e5 ryssar startar i v\u00e4rldscupen: \u201dJuridiskt faktum\u201d"},"content":{"rendered":"<p>Tv\u00e5 ryssar startar i v\u00e4rldscupen i l\u00e4ngdskidor i Davos i dag. Det \u00e4r f\u00f6rsta g\u00e5ngen sedan Rysslands fullskaliga invasion av Ukraina som skid\u00e5kare fr\u00e5n landet f\u00e5r delta.<\/p>\n<p>Bakom \u00e4ndringen ligger ett beslut i idrottens h\u00f6gsta domstol CAS, som slog fast att internationella skid- och snowboardf\u00f6rbundet br\u00f6t mot sina egna regler n\u00e4r man f\u00f6rbj\u00f6d ryska och belarusiska t\u00e4vlande.<\/p>\n<p>\u2013 Egentligen \u00e4r det inte s\u00e5 mycket ett beslut som ett juridiskt faktum att man \u00e4r tvungen att \u00e4ndra sig, s\u00e4ger Radiosportens Sigge Sanner i P1 Morgon. <\/p>\n<p>Totalt har tre ryssar och sex belarusier f\u00e5tt klartecken att delta under v\u00e4rldscupen. De t\u00e4vlar under neutral flagg och f\u00e5r inte ha st\u00f6ttat kriget offentligt. <\/p>\n<p>Omni \u00e4r politiskt obundna och oberoende. Vi str\u00e4var efter att ge fler perspektiv p\u00e5 nyheterna. Har du fr\u00e5gor eller synpunkter kring v\u00e5r rapportering? <a href=\"https:\/\/omni.se\/tva-ryssar-startar-i-varldscupen-juridiskt-faktum\/a\/mailto:redaktion@omni.se\" class=\"ArticleActions_contactLink__W2F1M\" rel=\"nofollow noopener\" target=\"_blank\">Kontakta redaktionen<\/a><\/p>\n","protected":false},"excerpt":{"rendered":"Tv\u00e5 ryssar startar i v\u00e4rldscupen i l\u00e4ngdskidor i Davos i dag. Det \u00e4r f\u00f6rsta g\u00e5ngen sedan Rysslands fullskaliga&hellip;\n","protected":false},"author":2,"featured_media":104439,"comment_status":"","ping_status":"","sticky":false,"template":"","format":"standard","meta":{"footnotes":""},"categories":[5],"tags":[22,23,26,27,11645,17,21,11646,3237,24,25,28,29,15,16,18,269,34,31,33,32,30,19,20],"class_list":{"0":"post-104438","1":"post","2":"type-post","3":"status-publish","4":"format-standard","5":"has-post-thumbnail","7":"category-rubriker","8":"tag-breaking-news","9":"tag-breakingnews","10":"tag-featured-news","11":"tag-featurednews","12":"tag-fis","13":"tag-headlines","14":"tag-huvudnyheter","15":"tag-internationella-skidforbundet","16":"tag-langdskidor","17":"tag-latest-news","18":"tag-latestnews","19":"tag-main-news","20":"tag-mainnews","21":"tag-news","22":"tag-nyheter","23":"tag-rubriker","24":"tag-ryska-invasionen","25":"tag-se","26":"tag-svenska","27":"tag-sverige","28":"tag-sweden","29":"tag-swedish","30":"tag-top-stories","31":"tag-topstories"},"share_on_mastodon":{"url":"https:\/\/pubeurope.com\/@se\/115711495554077678","error":""},"_links":{"self":[{"href":"https:\/\/www.europesays.com\/se\/wp-json\/wp\/v2\/posts\/104438","targetHints":{"allow":["GET"]}}],"collection":[{"href":"https:\/\/www.europesays.com\/se\/wp-json\/wp\/v2\/posts"}],"about":[{"href":"https:\/\/www.europesays.com\/se\/wp-json\/wp\/v2\/types\/post"}],"author":[{"embeddable":true,"href":"https:\/\/www.europesays.com\/se\/wp-json\/wp\/v2\/users\/2"}],"replies":[{"embeddable":true,"href":"https:\/\/www.europesays.com\/se\/wp-json\/wp\/v2\/comments?post=104438"}],"version-history":[{"count":0,"href":"https:\/\/www.europesays.com\/se\/wp-json\/wp\/v2\/posts\/104438\/revisions"}],"wp:featuredmedia":[{"embeddable":true,"href":"https:\/\/www.europesays.com\/se\/wp-json\/wp\/v2\/media\/104439"}],"wp:attachment":[{"href":"https:\/\/www.europesays.com\/se\/wp-json\/wp\/v2\/media?parent=104438"}],"wp:term":[{"taxonomy":"category","embeddable":true,"href":"https:\/\/www.europesays.com\/se\/wp-json\/wp\/v2\/categories?post=104438"},{"taxonomy":"post_tag","embeddable":true,"href":"https:\/\/www.europesays.com\/se\/wp-json\/wp\/v2\/tags?post=104438"}],"curies":[{"name":"wp","href":"https:\/\/api.w.org\/{rel}","templated":true}]}}