{"id":104442,"date":"2025-12-13T09:20:15","date_gmt":"2025-12-13T09:20:15","guid":{"rendered":"https:\/\/www.europesays.com\/se\/104442\/"},"modified":"2025-12-13T09:20:15","modified_gmt":"2025-12-13T09:20:15","slug":"jessica-31-ar-femte-generationen-kan-fa-ga-sodra-dalarnes-tidning","status":"publish","type":"post","link":"https:\/\/www.europesays.com\/se\/104442\/","title":{"rendered":"Jessica, 31, \u00e4r femte generationen \u2013 kan f\u00e5 g\u00e5 &#8211; S\u00f6dra Dalarnes Tidning"},"content":{"rendered":"<ol>\n<li><a href=\"https:\/\/news.google.com\/rss\/articles\/CBMijwFBVV95cUxNUzJhcW5oSk83aEVocy02bi11dUIxSHVJT3FyNFhqSDdEdlVMRzJaVGdEVWhLM2k0eXVmRm50TnVaUWpzQUgwYmdDRm9WTFlDTVowdGxpeFAta1pzSVNfNG1Pc1NlNjFCT2JLU3FmdWdlQWdyOF9FWWVoYXlYZkdzZU9ZeUNpMXVGejNxVmU1UQ?oc=5\" target=\"_blank\" rel=\"nofollow noopener\">Jessica, 31, \u00e4r femte generationen \u2013 kan f\u00e5 g\u00e5<\/a>&nbsp;&nbsp;S\u00f6dra Dalarnes Tidning<\/li>\n<li><a href=\"https:\/\/news.google.com\/rss\/articles\/CBMiekFVX3lxTE5MTFlsTHRYZW9ScHBteUxZeWEyaU1TeVpiaEc5bGhNNjNWS2VMUmxLQm1nVmZwZ0NCSUFHS01wT1VMVFVVWWM3d0RiUG5sRzRPSHhEQy1jZkZjU1hOUzhjcXBxeGxYYXBJT0EzcjZVMTZIWWpqU2lJMDdB?oc=5\" target=\"_blank\" rel=\"nofollow noopener\">Eriksson (S) efter st\u00e5lbes\u00f6ket: &#8221;Jag k\u00e4nner mig ledsen&#8221;<\/a>&nbsp;&nbsp;Lokalt i Dalarna<\/li>\n<li><a href=\"https:\/\/news.google.com\/rss\/articles\/CBMitwFBVV95cUxQRGNxaldlTkZaVzlEQ0J3WHJqY1JQcHBrRGI1U3RzUkxmQ285YUZ2djZYdnhhSnRjZlUxNklBTDZNYURoNmdDLTNmNXJaV1VvZ21FME9HRlZFQTBERkRUZVdjWWhLYk91aTFOY3RzZXVIdlVEQlY4OU96eVY5WjNxczl0M1hXWkdGbkFJeHVCMHFqcVNsQzNMakQ3Um1jSEZYUnFTYnNDS2kwT2t0MUdWaHBydGMzRkk?oc=5\" target=\"_blank\" rel=\"nofollow noopener\">OPINION: Sofie Erikssons fulst\u00e5lstullar r\u00e4cker inte l\u00e5ngt om EU forts\u00e4tter f\u00f6rfalla<\/a>&nbsp;&nbsp;Dala-Demokraten<\/li>\n<li><a href=\"https:\/\/news.google.com\/rss\/articles\/CBMidEFVX3lxTFB3RXN4NXRvblFFbTVpSUx4NzNTVXk1RXJ6XzJsMGZvMENGS1hxX1dVQmZNQzFjQlJuS3VnazNwLWd4V1I1R253U1RIcGJwUnBaZjdlMnA1dlVhOElaMmg3Qmt4LUJZaEFxUjYza2NWQVBRSm4x?oc=5\" target=\"_blank\" rel=\"nofollow noopener\">INS\u00c4NDARE: Erasteel &#8211; ett bolag utom r\u00e4ddning<\/a>&nbsp;&nbsp;S\u00f6dra Dalarnes Tidning<\/li>\n<li><a href=\"https:\/\/news.google.com\/rss\/articles\/CBMiWkFVX3lxTFBUVGpndm4yc1JSQWJlYlRYMWxDek1KZmY5b2RKZEw0RW00eGoxN0lBaU5SQUdaZkNHbUk5eFNEN1ZyeHVrNFQwZUNEUkdfd0w1TFdPU3R2aWxOZw?oc=5\" target=\"_blank\" rel=\"nofollow noopener\">\u201dVi beh\u00f6ver ett uppvaknande\u201d<\/a>&nbsp;&nbsp;Lokalt i Dalarna<\/li>\n<\/ol>\n","protected":false},"excerpt":{"rendered":"Jessica, 31, \u00e4r femte generationen \u2013 kan f\u00e5 g\u00e5&nbsp;&nbsp;S\u00f6dra Dalarnes Tidning Eriksson (S) efter st\u00e5lbes\u00f6ket: &#8221;Jag k\u00e4nner mig&hellip;\n","protected":false},"author":2,"featured_media":104443,"comment_status":"","ping_status":"","sticky":false,"template":"","format":"standard","meta":{"footnotes":""},"categories":[12],"tags":[22,23,26,27,17,21,24,25,28,29,15,16,18,34,31,33,32,30,19,20],"class_list":{"0":"post-104442","1":"post","2":"type-post","3":"status-publish","4":"format-standard","5":"has-post-thumbnail","7":"category-sverige","8":"tag-breaking-news","9":"tag-breakingnews","10":"tag-featured-news","11":"tag-featurednews","12":"tag-headlines","13":"tag-huvudnyheter","14":"tag-latest-news","15":"tag-latestnews","16":"tag-main-news","17":"tag-mainnews","18":"tag-news","19":"tag-nyheter","20":"tag-rubriker","21":"tag-se","22":"tag-svenska","23":"tag-sverige","24":"tag-sweden","25":"tag-swedish","26":"tag-top-stories","27":"tag-topstories"},"share_on_mastodon":{"url":"https:\/\/pubeurope.com\/@se\/115711523183003528","error":""},"_links":{"self":[{"href":"https:\/\/www.europesays.com\/se\/wp-json\/wp\/v2\/posts\/104442","targetHints":{"allow":["GET"]}}],"collection":[{"href":"https:\/\/www.europesays.com\/se\/wp-json\/wp\/v2\/posts"}],"about":[{"href":"https:\/\/www.europesays.com\/se\/wp-json\/wp\/v2\/types\/post"}],"author":[{"embeddable":true,"href":"https:\/\/www.europesays.com\/se\/wp-json\/wp\/v2\/users\/2"}],"replies":[{"embeddable":true,"href":"https:\/\/www.europesays.com\/se\/wp-json\/wp\/v2\/comments?post=104442"}],"version-history":[{"count":0,"href":"https:\/\/www.europesays.com\/se\/wp-json\/wp\/v2\/posts\/104442\/revisions"}],"wp:featuredmedia":[{"embeddable":true,"href":"https:\/\/www.europesays.com\/se\/wp-json\/wp\/v2\/media\/104443"}],"wp:attachment":[{"href":"https:\/\/www.europesays.com\/se\/wp-json\/wp\/v2\/media?parent=104442"}],"wp:term":[{"taxonomy":"category","embeddable":true,"href":"https:\/\/www.europesays.com\/se\/wp-json\/wp\/v2\/categories?post=104442"},{"taxonomy":"post_tag","embeddable":true,"href":"https:\/\/www.europesays.com\/se\/wp-json\/wp\/v2\/tags?post=104442"}],"curies":[{"name":"wp","href":"https:\/\/api.w.org\/{rel}","templated":true}]}}