{"id":104454,"date":"2025-12-13T09:29:14","date_gmt":"2025-12-13T09:29:14","guid":{"rendered":"https:\/\/www.europesays.com\/se\/104454\/"},"modified":"2025-12-13T09:29:14","modified_gmt":"2025-12-13T09:29:14","slug":"bedard-utgick-skadad-nar-blackhawks-foll-mot-blues","status":"publish","type":"post","link":"https:\/\/www.europesays.com\/se\/104454\/","title":{"rendered":"Bedard utgick skadad n\u00e4r Blackhawks f\u00f6ll mot Blues"},"content":{"rendered":"<p>Inte nog med att Chicago Blackhawks f\u00f6ll med 2-3 mot St. Louis Blues under fredagsnatten, svensk tid.<\/p>\n<p>Lagets unge stj\u00e4rnforward Connor Bedard blev dessutom skadad i samband med matchens sista tekning. Bedard, som var den som tekade, f\u00f6rs\u00f6kte sig p\u00e5 ett skott i samband med slutsignalen men f\u00f6ll ist\u00e4llet till isen i tydliga sm\u00e4rtor.<\/p>\n<p>Forwarden gled sedermera av isen och kunde ses greppa sin h\u00f6gra axel.<\/p>\n<p>Blackhawks tr\u00e4nare Jeff Blashill meddelade efter matchen att Bedard inte kommer att finnas tillg\u00e4nglig f\u00f6r spel i lagets match mot Detroit Red Wings, natten mot s\u00f6ndag svensk tid (02.00, Viaplay).<\/p>\n<p>\u2013 Han kommer inte spela imorgon och jag kommer inte ha n\u00e5gon ytterligare information imorgon, sade Blashill. F\u00f6rhoppningsvis vet jag mer p\u00e5 m\u00e5ndag.<\/p>\n<p>Bedard noterade tv\u00e5 assist i f\u00f6rlusten mot Blues och har st\u00e5tt f\u00f6r totalt 44 po\u00e4ng (19+25) p\u00e5 31 matcher den h\u00e4r s\u00e4songen.<\/p>\n","protected":false},"excerpt":{"rendered":"Inte nog med att Chicago Blackhawks f\u00f6ll med 2-3 mot St. Louis Blues under fredagsnatten, svensk tid. Lagets&hellip;\n","protected":false},"author":2,"featured_media":104455,"comment_status":"","ping_status":"","sticky":false,"template":"","format":"standard","meta":{"footnotes":""},"categories":[5],"tags":[22,23,26,27,17,21,24,25,28,29,15,16,18,34,31,33,32,30,19,20],"class_list":{"0":"post-104454","1":"post","2":"type-post","3":"status-publish","4":"format-standard","5":"has-post-thumbnail","7":"category-rubriker","8":"tag-breaking-news","9":"tag-breakingnews","10":"tag-featured-news","11":"tag-featurednews","12":"tag-headlines","13":"tag-huvudnyheter","14":"tag-latest-news","15":"tag-latestnews","16":"tag-main-news","17":"tag-mainnews","18":"tag-news","19":"tag-nyheter","20":"tag-rubriker","21":"tag-se","22":"tag-svenska","23":"tag-sverige","24":"tag-sweden","25":"tag-swedish","26":"tag-top-stories","27":"tag-topstories"},"share_on_mastodon":{"url":"https:\/\/pubeurope.com\/@se\/115711558516008427","error":""},"_links":{"self":[{"href":"https:\/\/www.europesays.com\/se\/wp-json\/wp\/v2\/posts\/104454","targetHints":{"allow":["GET"]}}],"collection":[{"href":"https:\/\/www.europesays.com\/se\/wp-json\/wp\/v2\/posts"}],"about":[{"href":"https:\/\/www.europesays.com\/se\/wp-json\/wp\/v2\/types\/post"}],"author":[{"embeddable":true,"href":"https:\/\/www.europesays.com\/se\/wp-json\/wp\/v2\/users\/2"}],"replies":[{"embeddable":true,"href":"https:\/\/www.europesays.com\/se\/wp-json\/wp\/v2\/comments?post=104454"}],"version-history":[{"count":0,"href":"https:\/\/www.europesays.com\/se\/wp-json\/wp\/v2\/posts\/104454\/revisions"}],"wp:featuredmedia":[{"embeddable":true,"href":"https:\/\/www.europesays.com\/se\/wp-json\/wp\/v2\/media\/104455"}],"wp:attachment":[{"href":"https:\/\/www.europesays.com\/se\/wp-json\/wp\/v2\/media?parent=104454"}],"wp:term":[{"taxonomy":"category","embeddable":true,"href":"https:\/\/www.europesays.com\/se\/wp-json\/wp\/v2\/categories?post=104454"},{"taxonomy":"post_tag","embeddable":true,"href":"https:\/\/www.europesays.com\/se\/wp-json\/wp\/v2\/tags?post=104454"}],"curies":[{"name":"wp","href":"https:\/\/api.w.org\/{rel}","templated":true}]}}