{"id":104460,"date":"2025-12-13T09:37:15","date_gmt":"2025-12-13T09:37:15","guid":{"rendered":"https:\/\/www.europesays.com\/se\/104460\/"},"modified":"2025-12-13T09:37:15","modified_gmt":"2025-12-13T09:37:15","slug":"talar-ut-nystroms-egna-ord-om-dromkontraktet-vart-45-miljoner-det-ar-lite-svart-att-forsta-vf","status":"publish","type":"post","link":"https:\/\/www.europesays.com\/se\/104460\/","title":{"rendered":"TALAR UT: Nystr\u00f6ms egna ord om dr\u00f6mkontraktet v\u00e4rt 45 miljoner: \u201dDet \u00e4r lite sv\u00e5rt att f\u00f6rst\u00e5\u201d &#8211; VF"},"content":{"rendered":"<ol>\n<li><a href=\"https:\/\/news.google.com\/rss\/articles\/CBMiuAFBVV95cUxPT2FFalV2TVZ0eldlbllrc2lsbEZIVklHYlJDc19ReHIxWTBUVFdrNFlmTXFPcFVLOGxlczVySER2NjZpTlh3ak5aZnZTMXhzazl4X1pNWWFHbVJoUUpqZlhsb0FYcmhrb2F2UlFXYktEbkZaOE5lYzRRMkZXQzBRUXNaVVczdXpwYWdsTVlkQXlBeVVvZGpjQWhneFRBX1dFa2o4bGJ0N0Vsb0s5dDgwa0wzeDNVNjdO?oc=5\" target=\"_blank\" rel=\"nofollow noopener\">TALAR UT: Nystr\u00f6ms egna ord om dr\u00f6mkontraktet v\u00e4rt 45 miljoner: \u201dDet \u00e4r lite sv\u00e5rt att f\u00f6rst\u00e5\u201d<\/a>&nbsp;&nbsp;VF<\/li>\n<li><a href=\"https:\/\/news.google.com\/rss\/articles\/CBMirgFBVV95cUxOT2dGalZWU0pTYmItNDRyTnI5Uno0X0N1TGc5WU9vQU9GcWVTaTJ3c19MRVBtalVWTXgwSWtEV1UwWkRXWVpFaTd2Y21FYXpJZEwwSW1YSGNYR2wydXplbjBRWHg4eUNjU3hVSHVnTHBKX0ZrTG5yQVJoYnl4SF93VlR1V3NndXJhVGtkYXpKazRyaV8xNWthMVpfY3E4azJqZ1k5MkEwb241aDFNRnc?oc=5\" target=\"_blank\" rel=\"nofollow noopener\">Joel Nystr\u00f6m skriver nytt NHL-kontrakt \u2013 v\u00e4rt 45 miljoner<\/a>&nbsp;&nbsp;aftonbladet.se<\/li>\n<li><a href=\"https:\/\/news.google.com\/rss\/articles\/CBMilgFBVV95cUxPbHBxQmRrM0JOTE1oVTJqdnpiYzVjTTJPVlFObzJvaV8zSGFzOTZSNXBSN0UtSnNES21VSEdFWG9qX0R1bzVVLTVnNHNxVjE0VExveEhWT3BCT0FsNUVsU1Y2OEJ6ZFBoSWswc3lYSmxWbmh3SFF0SHZ6NHpEVGtwM1NVdWYwMWVkT0JaQ050Ul9NUFRlbUE?oc=5\" target=\"_blank\" rel=\"nofollow noopener\">Miljonregn \u00f6ver FBK-produkten \u2013 f\u00f6rl\u00e4nger NHL-kontraktet<\/a>&nbsp;&nbsp;NWT<\/li>\n<li><a href=\"https:\/\/news.google.com\/rss\/articles\/CBMiggFBVV95cUxQWEw3THRTZktTWTB6eU5ENDBrdTNfVE9kWXc5YTdnYm9BdnBFUlU1ejdBNWRjUlAxdGl4OHpldEozNDV5OW9LTEhKNTBWVTJYWlBuWmZoV1FBOXBqS2laNHpJVzlUcmtXYk1qYnBfZ2hma1FTZFVoQmpQTnBYcnU1X3F3?oc=5\" target=\"_blank\" rel=\"nofollow noopener\">Svensken bel\u00f6nas \u2013 f\u00e5r kontrakt v\u00e4rt 45 miljoner<\/a>&nbsp;&nbsp;HockeyNews<\/li>\n<li><a href=\"https:\/\/news.google.com\/rss\/articles\/CBMifkFVX3lxTE9ZYmttVTRoWlRDQ2dYWmhDbmNQa0RzOGpLT1kzYXNDaHYzMnVlbTIwZzlZbGE4N0gtVHFITmxrdW9FX2pjSElzcHMxVnlNZUdoQTI4Uk9hd2JIM0RhbndJdVJCX3BZSDFzMncwNVhSeGNtYWdmc1VKa3QzTnZodw?oc=5\" target=\"_blank\" rel=\"nofollow noopener\">Nystr\u00f6m f\u00f6rl\u00e4nger med Hurricanes f\u00f6r 45 miljoner<\/a>&nbsp;&nbsp;Omni<\/li>\n<\/ol>\n","protected":false},"excerpt":{"rendered":"TALAR UT: Nystr\u00f6ms egna ord om dr\u00f6mkontraktet v\u00e4rt 45 miljoner: \u201dDet \u00e4r lite sv\u00e5rt att f\u00f6rst\u00e5\u201d&nbsp;&nbsp;VF Joel Nystr\u00f6m&hellip;\n","protected":false},"author":2,"featured_media":104461,"comment_status":"","ping_status":"","sticky":false,"template":"","format":"standard","meta":{"footnotes":""},"categories":[5],"tags":[22,23,26,27,17,21,24,25,28,29,15,16,18,34,31,33,32,30,19,20],"class_list":{"0":"post-104460","1":"post","2":"type-post","3":"status-publish","4":"format-standard","5":"has-post-thumbnail","7":"category-rubriker","8":"tag-breaking-news","9":"tag-breakingnews","10":"tag-featured-news","11":"tag-featurednews","12":"tag-headlines","13":"tag-huvudnyheter","14":"tag-latest-news","15":"tag-latestnews","16":"tag-main-news","17":"tag-mainnews","18":"tag-news","19":"tag-nyheter","20":"tag-rubriker","21":"tag-se","22":"tag-svenska","23":"tag-sverige","24":"tag-sweden","25":"tag-swedish","26":"tag-top-stories","27":"tag-topstories"},"share_on_mastodon":{"url":"https:\/\/pubeurope.com\/@se\/115711589888439601","error":""},"_links":{"self":[{"href":"https:\/\/www.europesays.com\/se\/wp-json\/wp\/v2\/posts\/104460","targetHints":{"allow":["GET"]}}],"collection":[{"href":"https:\/\/www.europesays.com\/se\/wp-json\/wp\/v2\/posts"}],"about":[{"href":"https:\/\/www.europesays.com\/se\/wp-json\/wp\/v2\/types\/post"}],"author":[{"embeddable":true,"href":"https:\/\/www.europesays.com\/se\/wp-json\/wp\/v2\/users\/2"}],"replies":[{"embeddable":true,"href":"https:\/\/www.europesays.com\/se\/wp-json\/wp\/v2\/comments?post=104460"}],"version-history":[{"count":0,"href":"https:\/\/www.europesays.com\/se\/wp-json\/wp\/v2\/posts\/104460\/revisions"}],"wp:featuredmedia":[{"embeddable":true,"href":"https:\/\/www.europesays.com\/se\/wp-json\/wp\/v2\/media\/104461"}],"wp:attachment":[{"href":"https:\/\/www.europesays.com\/se\/wp-json\/wp\/v2\/media?parent=104460"}],"wp:term":[{"taxonomy":"category","embeddable":true,"href":"https:\/\/www.europesays.com\/se\/wp-json\/wp\/v2\/categories?post=104460"},{"taxonomy":"post_tag","embeddable":true,"href":"https:\/\/www.europesays.com\/se\/wp-json\/wp\/v2\/tags?post=104460"}],"curies":[{"name":"wp","href":"https:\/\/api.w.org\/{rel}","templated":true}]}}