{"id":104495,"date":"2025-12-13T10:27:23","date_gmt":"2025-12-13T10:27:23","guid":{"rendered":"https:\/\/www.europesays.com\/se\/104495\/"},"modified":"2025-12-13T10:27:23","modified_gmt":"2025-12-13T10:27:23","slug":"hypersoniska-robotar-mot-ukraina-i-natt","status":"publish","type":"post","link":"https:\/\/www.europesays.com\/se\/104495\/","title":{"rendered":"Hypersoniska robotar mot Ukraina i natt"},"content":{"rendered":"<p class=\"boxtextgrotesk-root_baa6 hyperion-css-7pajle\">Uppdaterad 11.00 | Publicerad 10.16<\/p>\n<p>share-arrowDela<\/p>\n<p>unsaveSpara<\/p>\n<p>expand-left<\/p>\n<p>helsk\u00e4rm<img decoding=\"async\" class=\"image-asset hyperion-css-u06ts1\" data-test-tag=\"image-asset\" src=\"https:\/\/www.europesays.com\/se\/wp-content\/uploads\/2025\/12\/efd4aa68-6de8-4e2e-94d9-e86c0b4ea940\"  alt=\"R\u00e4ddningstj\u00e4nst p\u00e5 plats vid en byggnad i Odessaregionen som satts i brand i ryska anfall natten mot l\u00f6rdagen.\"  loading=\"eager\" fetchpriority=\"high\" style=\"aspect-ratio:1900 \/ 1264\"\/>R\u00e4ddningstj\u00e4nst p\u00e5 plats vid en byggnad i Odessaregionen som satts i brand i ryska anfall natten mot l\u00f6rdagen. Foto: Ukrainas R\u00e4ddningstj\u00e4nst Via AFP\/TT<\/p>\n<p class=\"hyperion-css-1shl3oz\" data-test-tag=\"lead-text\">Tusentals ukrainska familjer \u00e4r utan str\u00f6m efter ryska anfall natten till l\u00f6rdagen, uppger Ukrainas president Volodymyr Zelenskyj.<\/p>\n<p class=\"hyperion-css-1shl3oz\" data-test-tag=\"lead-text\">Ryssland s\u00e4ger sig ha anv\u00e4nt hypersoniska robotar i den \u201dmassiva\u201d attacken.<\/p>\n<p class=\"hyperion-css-1v9qo5x\">Nattens ryska attacker riktades mot landets energisektor, uppger president Zelenskyj.<\/p>\n<p class=\"hyperion-css-1v9qo5x\">\u200b\u201dTotalt anv\u00e4nde fienden \u00f6ver 450 attackdr\u00f6nare och 30 robotar av olika slag\u201d, skriver han p\u00e5 X.<\/p>\n<p class=\"hyperion-css-1v9qo5x\">F\u00f6rsvarsdepartementet i Moskva uppger enligt AFP att hypersoniska Kinzjalrobotar anv\u00e4ndes i anfallen, som beskrivs som \u201dmassiva\u201d och en h\u00e4mnd f\u00f6r \u201dUkrainas terrorattacker mot civila m\u00e5l i Ryssland\u201d.<\/p>\n<p class=\"hyperion-css-1v9qo5x\">Minst tv\u00e5 civila skadades i Odessa. Angrepp rapporteras \u00e4ven fr\u00e5n bland annat regionerna Mykolajiv, Sumy, Charkiv och Cherson.<\/p>\n<p class=\"hyperion-css-1v9qo5x\">\u201dDet \u00e4r viktigt att alla ser vad Ryssland nu g\u00f6r \u2013 varje steg de tar i terrorn mot v\u00e5rt folk, alla deras attacker, f\u00f6r det h\u00e4r handlar uppenbarligen inte om att avsluta kriget\u201d, skriver Zelenskyj.<\/p>\n<p class=\"hyperion-css-1v9qo5x\">I Ryssland rapporteras minst tv\u00e5 civila ha d\u00f6dats i en ukrainsk dr\u00f6narattack mot Saratov, som ligger runt 80 mil nordost om frontlinjen i Ukraina. Enligt lokala myndigheter ska flera l\u00e4genheter i ett flerv\u00e5ningshus ha f\u00e5tt skador.<\/p>\n<p class=\"hyperion-css-1v9qo5x\">De senaste m\u00e5naderna har Ukraina bland annat riktat angrepp mot oljeraffinaderier i Saratovregionen.<\/p>\n","protected":false},"excerpt":{"rendered":"Uppdaterad 11.00 | Publicerad 10.16 share-arrowDela unsaveSpara expand-left helsk\u00e4rmR\u00e4ddningstj\u00e4nst p\u00e5 plats vid en byggnad i Odessaregionen som satts&hellip;\n","protected":false},"author":2,"featured_media":104496,"comment_status":"","ping_status":"","sticky":false,"template":"","format":"standard","meta":{"footnotes":""},"categories":[14],"tags":[22,23,26,27,17,21,24,25,28,29,15,16,18,34,31,33,32,30,19,20,51,52,53,54],"class_list":{"0":"post-104495","1":"post","2":"type-post","3":"status-publish","4":"format-standard","5":"has-post-thumbnail","7":"category-varlden","8":"tag-breaking-news","9":"tag-breakingnews","10":"tag-featured-news","11":"tag-featurednews","12":"tag-headlines","13":"tag-huvudnyheter","14":"tag-latest-news","15":"tag-latestnews","16":"tag-main-news","17":"tag-mainnews","18":"tag-news","19":"tag-nyheter","20":"tag-rubriker","21":"tag-se","22":"tag-svenska","23":"tag-sverige","24":"tag-sweden","25":"tag-swedish","26":"tag-top-stories","27":"tag-topstories","28":"tag-varlden","29":"tag-world","30":"tag-world-news","31":"tag-worldnews"},"share_on_mastodon":{"url":"https:\/\/pubeurope.com\/@se\/115711786847135914","error":""},"_links":{"self":[{"href":"https:\/\/www.europesays.com\/se\/wp-json\/wp\/v2\/posts\/104495","targetHints":{"allow":["GET"]}}],"collection":[{"href":"https:\/\/www.europesays.com\/se\/wp-json\/wp\/v2\/posts"}],"about":[{"href":"https:\/\/www.europesays.com\/se\/wp-json\/wp\/v2\/types\/post"}],"author":[{"embeddable":true,"href":"https:\/\/www.europesays.com\/se\/wp-json\/wp\/v2\/users\/2"}],"replies":[{"embeddable":true,"href":"https:\/\/www.europesays.com\/se\/wp-json\/wp\/v2\/comments?post=104495"}],"version-history":[{"count":0,"href":"https:\/\/www.europesays.com\/se\/wp-json\/wp\/v2\/posts\/104495\/revisions"}],"wp:featuredmedia":[{"embeddable":true,"href":"https:\/\/www.europesays.com\/se\/wp-json\/wp\/v2\/media\/104496"}],"wp:attachment":[{"href":"https:\/\/www.europesays.com\/se\/wp-json\/wp\/v2\/media?parent=104495"}],"wp:term":[{"taxonomy":"category","embeddable":true,"href":"https:\/\/www.europesays.com\/se\/wp-json\/wp\/v2\/categories?post=104495"},{"taxonomy":"post_tag","embeddable":true,"href":"https:\/\/www.europesays.com\/se\/wp-json\/wp\/v2\/tags?post=104495"}],"curies":[{"name":"wp","href":"https:\/\/api.w.org\/{rel}","templated":true}]}}