{"id":104505,"date":"2025-12-13T10:33:07","date_gmt":"2025-12-13T10:33:07","guid":{"rendered":"https:\/\/www.europesays.com\/se\/104505\/"},"modified":"2025-12-13T10:33:07","modified_gmt":"2025-12-13T10:33:07","slug":"facebook-stanger-ner-messenger-for-desktop","status":"publish","type":"post","link":"https:\/\/www.europesays.com\/se\/104505\/","title":{"rendered":"Facebook st\u00e4nger ner Messenger f\u00f6r desktop"},"content":{"rendered":"<p>Publicerad 13 dec 2025 kl 11.10Uppdaterad kl 11.20<\/p>\n<p>P\u00e5 m\u00e5ndag f\u00f6rsvinner Messenger-appen f\u00f6r datorer.<\/p>\n<p>Anv\u00e4ndare tvingas antingen ta upp mobilen eller logga in p\u00e5 sajten.<\/p>\n<p>\u2013 De kan se hur folk flyr fr\u00e5n Facebook men fortfarande anv\u00e4nder Messenger, s\u00e4ger teknikjournalisten Torben Vognsen till danska <a href=\"https:\/\/nyheder.tv2.dk\/tech\/2025-12-13-meta-lukker-messenger-app-til-computer\" rel=\"nofollow noopener\" target=\"_blank\">TV 2<\/a>.<\/p>\n<p><img   alt=\"\"\/><\/p>\n<p>Bild fr\u00e5n Vivatech i Paris 2023.<\/p>\n<p>Foto: THIBAULT CAMUS \/ AP TT NYHETSBYR\u00c5N<\/p>\n<p>\u00d6ppna bild i helsk\u00e4rm<\/p>\n<p>Fr\u00e5n och med m\u00e5ndag kommer det inte l\u00e4ngre vara m\u00f6jligt att logga in p\u00e5 Messengers app via datorn. Anv\u00e4ndare kommer automatiskt att skickas vidare till Facebooks sajt f\u00f6r att anv\u00e4nda meddelandetj\u00e4nsten, vilket \u00e4garbolaget Meta tidigare har bekr\u00e4ftat f\u00f6r <a href=\"https:\/\/techcrunch.com\/2025\/10\/16\/meta-to-shut-down-messenger-desktop-apps-for-mac-and-windows\/#:~:text=Meta%20is%20shutting%20down%20Messenger&#039;s,Facebook%20website%20to%20access%20Messenger.\" rel=\"nofollow noopener\" target=\"_blank\">Techcrunch<\/a>.<\/p>\n<p>Anledningen \u00e4r att f\u00f6retaget vill f\u00e5 tillbaka anv\u00e4ndare till hemsidan, enligt den danska teknikjournalisten Torben Vognsen.<\/p>\n<p>\u2013 Det finns ingen officiell f\u00f6rklaring, annat \u00e4n att de kan se hur folk flyr fr\u00e5n <a href=\"https:\/\/www.expressen.se\/tagg\/organization\/facebook\/\" class=\"\" rel=\"nofollow noopener\" target=\"_blank\">Facebook<\/a> men fortfarande anv\u00e4nder Messenger. De vill ha tillbaka folk till Facebook, och det kan inte g\u00e5 fort nog, s\u00e4ger han till TV 2.<\/p>\n<p>Messenger-anv\u00e4ndare som saknar Facebook-konto kommer att omdirigeras till Messenger.com.<\/p>\n","protected":false},"excerpt":{"rendered":"Publicerad 13 dec 2025 kl 11.10Uppdaterad kl 11.20 P\u00e5 m\u00e5ndag f\u00f6rsvinner Messenger-appen f\u00f6r datorer. Anv\u00e4ndare tvingas antingen ta&hellip;\n","protected":false},"author":2,"featured_media":104506,"comment_status":"","ping_status":"","sticky":false,"template":"","format":"standard","meta":{"footnotes":""},"categories":[66],"tags":[760,80,78,79,34,61,31,33,32,30,81,84,83,82],"class_list":{"0":"post-104505","1":"post","2":"type-post","3":"status-publish","4":"format-standard","5":"has-post-thumbnail","7":"category-vetenskap-och-teknik","8":"tag-organization-facebook","9":"tag-science","10":"tag-science-and-technology","11":"tag-scienceandtechnology","12":"tag-se","13":"tag-sections-tech","14":"tag-svenska","15":"tag-sverige","16":"tag-sweden","17":"tag-swedish","18":"tag-technology","19":"tag-teknik","20":"tag-vetenskap","21":"tag-vetenskapteknik"},"share_on_mastodon":{"url":"","error":""},"_links":{"self":[{"href":"https:\/\/www.europesays.com\/se\/wp-json\/wp\/v2\/posts\/104505","targetHints":{"allow":["GET"]}}],"collection":[{"href":"https:\/\/www.europesays.com\/se\/wp-json\/wp\/v2\/posts"}],"about":[{"href":"https:\/\/www.europesays.com\/se\/wp-json\/wp\/v2\/types\/post"}],"author":[{"embeddable":true,"href":"https:\/\/www.europesays.com\/se\/wp-json\/wp\/v2\/users\/2"}],"replies":[{"embeddable":true,"href":"https:\/\/www.europesays.com\/se\/wp-json\/wp\/v2\/comments?post=104505"}],"version-history":[{"count":0,"href":"https:\/\/www.europesays.com\/se\/wp-json\/wp\/v2\/posts\/104505\/revisions"}],"wp:featuredmedia":[{"embeddable":true,"href":"https:\/\/www.europesays.com\/se\/wp-json\/wp\/v2\/media\/104506"}],"wp:attachment":[{"href":"https:\/\/www.europesays.com\/se\/wp-json\/wp\/v2\/media?parent=104505"}],"wp:term":[{"taxonomy":"category","embeddable":true,"href":"https:\/\/www.europesays.com\/se\/wp-json\/wp\/v2\/categories?post=104505"},{"taxonomy":"post_tag","embeddable":true,"href":"https:\/\/www.europesays.com\/se\/wp-json\/wp\/v2\/tags?post=104505"}],"curies":[{"name":"wp","href":"https:\/\/api.w.org\/{rel}","templated":true}]}}