{"id":104511,"date":"2025-12-13T10:43:08","date_gmt":"2025-12-13T10:43:08","guid":{"rendered":"https:\/\/www.europesays.com\/se\/104511\/"},"modified":"2025-12-13T10:43:08","modified_gmt":"2025-12-13T10:43:08","slug":"rysk-amerikansk-samsyn-om-sakerhetspolitik-eu-sparrar-ryska-tillgangar-tillsvidare","status":"publish","type":"post","link":"https:\/\/www.europesays.com\/se\/104511\/","title":{"rendered":"Rysk-amerikansk samsyn om s\u00e4kerhetspolitik \u2013 EU sp\u00e4rrar ryska tillg\u00e5ngar tillsvidare"},"content":{"rendered":"<p dir=\"ltr\">I veckans framkom att det finns en s\u00e4kerhetspolitisk samsyn mellan USA och Ryssland.\u00a0USA:s nya\u00a0<a href=\"https:\/\/www.europaportalen.se\/2025\/12\/usas-sakerhetsstrategi-skakar-om-europa-ryssland-jublar\" rel=\"nofollow noopener\" target=\"_blank\">s\u00e4kerhetsstrategi<\/a> kritiserar EU och v\u00e4lkomnar framv\u00e4xten av s\u00e5 kallade patriotiska partier i Europa och vill\u00a0bland annat \u00e5teruppr\u00e4tta en strategisk stabilitet med Ryssland.\u00a0Kremls talesperson Dmitrij Peskov sade att USA:s strategi &#8221;i m\u00e5nga avseenden motsvarar v\u00e5r syn&#8221;.\u00a0<\/p>\n<p dir=\"ltr\">EU-l\u00e4nderna beslutade p\u00e5 fredagskv\u00e4llen att som en skydds\u00e5tg\u00e4rd tills vidare\u00a0<a href=\"https:\/\/www.consilium.europa.eu\/sv\/press\/press-releases\/2025\/12\/12\/council-decides-to-prohibit-transfers-of-immobilised-central-bank-of-russia-assets-back-to-russia\/\" rel=\"nofollow noopener\" target=\"_blank\">f\u00f6rbjuda direkta eller indirekta \u00f6verf\u00f6ringar<\/a> av de i EU frysta ryska centralbankstillg\u00e5ngar till Ryssland. Detta, enligt beslutet, f\u00f6r att f\u00f6rhindra m\u00f6jlig finansiering av Rysslands krig mot Ukraina och ryska hybridattacker mot EU. Beslutet betyder ocks\u00e5 att Rysslandsallierade Ungern inte l\u00e4ngre med vetor\u00e4tt ensam kan avg\u00f6ra fr\u00e5gan.<\/p>\n<p dir=\"ltr\">Ukraina lovade p\u00e5 torsdagen att genomf\u00f6ra en detaljerad plan med\u00a0<a href=\"https:\/\/www.europaportalen.se\/notis\/2025\/12\/ukraina-lovar-tio-reformer-snabbare-eu-vag\" rel=\"nofollow noopener\" target=\"_blank\">tio konkreta reformer<\/a> f\u00f6r att\u00a0st\u00e4rka r\u00e4ttsstaten och bek\u00e4mpa korruption och p\u00e5 s\u00e5 s\u00e4tt p\u00e5skynda sin anslutning till EU.\u00a0<\/p>\n<p dir=\"ltr\"><strong>Det kan ocks\u00e5 noteras<\/strong>:<\/p>\n<p dir=\"ltr\">\u2026 att\u00a0EU\u00a0<a href=\"https:\/\/www.europaportalen.se\/2025\/12\/dyster-rapport-eu-pa-vag-att-missa-de-flesta-miljo-och-klimatmal-till-2030\" rel=\"nofollow noopener\" target=\"_blank\">riskerar att missa<\/a> 22 av sina 28 milj\u00f6- och klimatm\u00e5l till 2030,<\/p>\n<p>\u2026 att\u00a0omkring 115 500 hush\u00e5ll med l\u00e4gre inkomster som bor i 177 svenska landsbygdskommuner\u00a0<a href=\"https:\/\/www.europaportalen.se\/2025\/12\/eu-godkanner-svensk-elbilssatsning-pa-landsbygden\" rel=\"nofollow noopener\" target=\"_blank\">kan f\u00e5 EU-st\u00f6d<\/a> f\u00f6r att k\u00f6pa eller leasa nya eller begagnade elbilar,<\/p>\n<p>\u2026 att EU till 2040 ska\u00a0<a href=\"https:\/\/www.europaportalen.se\/2025\/12\/eu-enas-om-klimatmal-2040\" rel=\"nofollow noopener\" target=\"_blank\">minska sina utsl\u00e4pp<\/a> av v\u00e4xthusgaser med 90 procent, varav 85 procent kan ske inom EU och \u00f6vriga fem procentenheter utanf\u00f6r EU.<\/p>\n","protected":false},"excerpt":{"rendered":"I veckans framkom att det finns en s\u00e4kerhetspolitisk samsyn mellan USA och Ryssland.\u00a0USA:s nya\u00a0s\u00e4kerhetsstrategi kritiserar EU och v\u00e4lkomnar&hellip;\n","protected":false},"author":2,"featured_media":104512,"comment_status":"","ping_status":"","sticky":false,"template":"","format":"standard","meta":{"footnotes":""},"categories":[14],"tags":[22,23,26,27,17,21,24,25,28,29,15,16,18,34,31,33,32,30,19,20,51,52,53,54],"class_list":{"0":"post-104511","1":"post","2":"type-post","3":"status-publish","4":"format-standard","5":"has-post-thumbnail","7":"category-varlden","8":"tag-breaking-news","9":"tag-breakingnews","10":"tag-featured-news","11":"tag-featurednews","12":"tag-headlines","13":"tag-huvudnyheter","14":"tag-latest-news","15":"tag-latestnews","16":"tag-main-news","17":"tag-mainnews","18":"tag-news","19":"tag-nyheter","20":"tag-rubriker","21":"tag-se","22":"tag-svenska","23":"tag-sverige","24":"tag-sweden","25":"tag-swedish","26":"tag-top-stories","27":"tag-topstories","28":"tag-varlden","29":"tag-world","30":"tag-world-news","31":"tag-worldnews"},"share_on_mastodon":{"url":"https:\/\/pubeurope.com\/@se\/115711849633668142","error":""},"_links":{"self":[{"href":"https:\/\/www.europesays.com\/se\/wp-json\/wp\/v2\/posts\/104511","targetHints":{"allow":["GET"]}}],"collection":[{"href":"https:\/\/www.europesays.com\/se\/wp-json\/wp\/v2\/posts"}],"about":[{"href":"https:\/\/www.europesays.com\/se\/wp-json\/wp\/v2\/types\/post"}],"author":[{"embeddable":true,"href":"https:\/\/www.europesays.com\/se\/wp-json\/wp\/v2\/users\/2"}],"replies":[{"embeddable":true,"href":"https:\/\/www.europesays.com\/se\/wp-json\/wp\/v2\/comments?post=104511"}],"version-history":[{"count":0,"href":"https:\/\/www.europesays.com\/se\/wp-json\/wp\/v2\/posts\/104511\/revisions"}],"wp:featuredmedia":[{"embeddable":true,"href":"https:\/\/www.europesays.com\/se\/wp-json\/wp\/v2\/media\/104512"}],"wp:attachment":[{"href":"https:\/\/www.europesays.com\/se\/wp-json\/wp\/v2\/media?parent=104511"}],"wp:term":[{"taxonomy":"category","embeddable":true,"href":"https:\/\/www.europesays.com\/se\/wp-json\/wp\/v2\/categories?post=104511"},{"taxonomy":"post_tag","embeddable":true,"href":"https:\/\/www.europesays.com\/se\/wp-json\/wp\/v2\/tags?post=104511"}],"curies":[{"name":"wp","href":"https:\/\/api.w.org\/{rel}","templated":true}]}}