{"id":104515,"date":"2025-12-13T10:49:10","date_gmt":"2025-12-13T10:49:10","guid":{"rendered":"https:\/\/www.europesays.com\/se\/104515\/"},"modified":"2025-12-13T10:49:10","modified_gmt":"2025-12-13T10:49:10","slug":"lollipop-chainsaw-forblir-en-underbart-absurd-actionrokare-vastra-nyland","status":"publish","type":"post","link":"https:\/\/www.europesays.com\/se\/104515\/","title":{"rendered":"Lollipop Chainsaw f\u00f6rblir en underbart absurd actionr\u00f6kare \u2013 V\u00e4stra Nyland"},"content":{"rendered":"<p>Detsamma g\u00e4ller i h\u00f6gsta grad \u00e4ven 2012 \u00e5rs Lollipop Chainsaw, som vi nu f\u00e5r chansen att \u00e5terbekanta oss med tack vare\u201d RePOP\u201d. Som zombiej\u00e4gerskan, tillika cheerleadern, Juliet g\u00e4ller det att stoppa en zombieinvasion ledd av fem psykopatiska galningar. <\/p>\n<p>Med diverse akrobatiska konster och en motors\u00e5g g\u00f6r hon slarvsylta av zombiehorderna p\u00e5 en serie banor som var och en utmynnar i en spektakul\u00e4r bossfajt.<\/p>\n<p>Till s\u00e4llskap har man Juliets pojkv\u00e4n \u2013 eller det som finns kvar av honom. P\u00e5 grund av zombiesmitta beh\u00f6vde n\u00e4mligen hans huvud amputeras, vilket nu h\u00e4nger och dinglar kring Juliets midja likt en accessoar \u2013 dock vid liv och alltid med en syrlig kommentar p\u00e5 lut.<\/p>\n<p>Karakt\u00e4rerna \u00e4r excentriska, replikerna fulla av absurditeter och sk\u00e4mten inte s\u00e4llan under b\u00e4ltet. Det \u00e4r inte h\u00f6gt och l\u00e5gt h\u00e4r, utan mest bara l\u00e5gt, och det g\u00e5r definitivt att ha synpunkter p\u00e5 smakfullheten p\u00e5 sina h\u00e5ll. <\/p>\n<p>Men det \u00e4r \u00e4nd\u00e5 alltid med glimten i \u00f6gat och s\u00e5 konsekvent tramsigt i alla led att det liksom blir ganska harml\u00f6st alltihop.<\/p>\n<p>Dumt? Javisst. Men det \u00e4r ocks\u00e5 hela po\u00e4ngen. <\/p>\n<p>Under ytan d\u00f6ljer sig ett annars ganska enkelsp\u00e5rigt \u201dhack\u2019n\u2019slash\u201d. De finkalibrerade striderna har sina stunder, men det r\u00e5der ingen tvekan om att det \u00e4r alla galenskaperna runtomkring som g\u00f6r Lollipop Chainsaw till vad det \u00e4r.<\/p>\n<p>Det vill s\u00e4ga: en underbart absurd actionr\u00f6kare.<\/p>\n","protected":false},"excerpt":{"rendered":"Detsamma g\u00e4ller i h\u00f6gsta grad \u00e4ven 2012 \u00e5rs Lollipop Chainsaw, som vi nu f\u00e5r chansen att \u00e5terbekanta oss&hellip;\n","protected":false},"author":2,"featured_media":104516,"comment_status":"","ping_status":"","sticky":false,"template":"","format":"standard","meta":{"footnotes":""},"categories":[66],"tags":[80,78,79,34,31,33,32,30,81,84,83,82],"class_list":{"0":"post-104515","1":"post","2":"type-post","3":"status-publish","4":"format-standard","5":"has-post-thumbnail","7":"category-vetenskap-och-teknik","8":"tag-science","9":"tag-science-and-technology","10":"tag-scienceandtechnology","11":"tag-se","12":"tag-svenska","13":"tag-sverige","14":"tag-sweden","15":"tag-swedish","16":"tag-technology","17":"tag-teknik","18":"tag-vetenskap","19":"tag-vetenskapteknik"},"share_on_mastodon":{"url":"https:\/\/pubeurope.com\/@se\/115711873185858038","error":""},"_links":{"self":[{"href":"https:\/\/www.europesays.com\/se\/wp-json\/wp\/v2\/posts\/104515","targetHints":{"allow":["GET"]}}],"collection":[{"href":"https:\/\/www.europesays.com\/se\/wp-json\/wp\/v2\/posts"}],"about":[{"href":"https:\/\/www.europesays.com\/se\/wp-json\/wp\/v2\/types\/post"}],"author":[{"embeddable":true,"href":"https:\/\/www.europesays.com\/se\/wp-json\/wp\/v2\/users\/2"}],"replies":[{"embeddable":true,"href":"https:\/\/www.europesays.com\/se\/wp-json\/wp\/v2\/comments?post=104515"}],"version-history":[{"count":0,"href":"https:\/\/www.europesays.com\/se\/wp-json\/wp\/v2\/posts\/104515\/revisions"}],"wp:featuredmedia":[{"embeddable":true,"href":"https:\/\/www.europesays.com\/se\/wp-json\/wp\/v2\/media\/104516"}],"wp:attachment":[{"href":"https:\/\/www.europesays.com\/se\/wp-json\/wp\/v2\/media?parent=104515"}],"wp:term":[{"taxonomy":"category","embeddable":true,"href":"https:\/\/www.europesays.com\/se\/wp-json\/wp\/v2\/categories?post=104515"},{"taxonomy":"post_tag","embeddable":true,"href":"https:\/\/www.europesays.com\/se\/wp-json\/wp\/v2\/tags?post=104515"}],"curies":[{"name":"wp","href":"https:\/\/api.w.org\/{rel}","templated":true}]}}