{"id":104517,"date":"2025-12-13T10:50:20","date_gmt":"2025-12-13T10:50:20","guid":{"rendered":"https:\/\/www.europesays.com\/se\/104517\/"},"modified":"2025-12-13T10:50:20","modified_gmt":"2025-12-13T10:50:20","slug":"sysav-saljer-siptex-textilsorteringsanlaggning-i-malmo","status":"publish","type":"post","link":"https:\/\/www.europesays.com\/se\/104517\/","title":{"rendered":"Sysav s\u00e4ljer Siptex textilsorteringsanl\u00e4ggning i Malm\u00f6"},"content":{"rendered":"<p class=\"css-176tai e1bngt7x2\">I den helautomatiserade anl\u00e4ggningen sorteras textilavfall efter f\u00e4rg och fibertyp med hj\u00e4lp av n\u00e4ra-infrar\u00f6d teknik. Tanken var att g\u00f6ra det m\u00f6jligt att ge gamla kl\u00e4der nytt liv, som r\u00e5vara till ny textil.<\/p>\n<p class=\"css-176tai e1bngt7x2\">Men marknaden f\u00f6r sorterat textilavfall har inte utvecklats i den takt som f\u00f6ruts\u00e5gs och fram\u00f6ver kommer producenterna att f\u00e5 ansvar f\u00f6r att ta hand om textilavfallet. D\u00e4rf\u00f6r har nuvarande \u00e4garen, kommun\u00e4gda Sysav, best\u00e4mt sig f\u00f6r att s\u00e4lja.<\/p>\n<p class=\"css-176tai e1bngt7x2\">\u201dI efterhand kan man s\u00e4ga att Sysav var f\u00f6r tidigt ute \u2013 marknaden och lagstiftningen har inte h\u00e5llit den takt som vi, och m\u00e5nga med oss, trodde 2019\u201d, s\u00e4ger Malin Dahlroth, vd p\u00e5 Sysav, i ett <a rel=\"noopener noreferrer nofollow\" target=\"_blank\" href=\"https:\/\/www.mynewsdesk.com\/se\/sysav\/pressreleases\/sysav-inleder-process-foer-avyttring-av-textilsorteringsanlaeggningen-siptex-3421257\">pressmeddelande<\/a>.<\/p>\n<p class=\"css-176tai e1bngt7x2\"><strong>L\u00e4s ocks\u00e5: <\/strong><strong><a href=\"https:\/\/www.aktuellhallbarhet.se\/ekonomi-och-strategi\/hallbarhetsarbete\/kalmar-gar-fore-med-ny-cirkular-tjanst-alla-tycker-det-har-ar-lysande\/\" rel=\"nofollow noopener\" target=\"_blank\">Kalmar g\u00e5r f\u00f6re med ny cirkul\u00e4r tj\u00e4nst \u2013 \u201dAlla tycker det h\u00e4r \u00e4r lysande\u201d<\/a><\/strong><\/p>\n","protected":false},"excerpt":{"rendered":"I den helautomatiserade anl\u00e4ggningen sorteras textilavfall efter f\u00e4rg och fibertyp med hj\u00e4lp av n\u00e4ra-infrar\u00f6d teknik. Tanken var att&hellip;\n","protected":false},"author":2,"featured_media":104518,"comment_status":"","ping_status":"","sticky":false,"template":"","format":"standard","meta":{"footnotes":""},"categories":[65],"tags":[72,70,71,34,31,33,32,30],"class_list":{"0":"post-104517","1":"post","2":"type-post","3":"status-publish","4":"format-standard","5":"has-post-thumbnail","7":"category-ekonomi","8":"tag-business","9":"tag-economy","10":"tag-ekonomi","11":"tag-se","12":"tag-svenska","13":"tag-sverige","14":"tag-sweden","15":"tag-swedish"},"share_on_mastodon":{"url":"https:\/\/pubeurope.com\/@se\/115711877026681468","error":""},"_links":{"self":[{"href":"https:\/\/www.europesays.com\/se\/wp-json\/wp\/v2\/posts\/104517","targetHints":{"allow":["GET"]}}],"collection":[{"href":"https:\/\/www.europesays.com\/se\/wp-json\/wp\/v2\/posts"}],"about":[{"href":"https:\/\/www.europesays.com\/se\/wp-json\/wp\/v2\/types\/post"}],"author":[{"embeddable":true,"href":"https:\/\/www.europesays.com\/se\/wp-json\/wp\/v2\/users\/2"}],"replies":[{"embeddable":true,"href":"https:\/\/www.europesays.com\/se\/wp-json\/wp\/v2\/comments?post=104517"}],"version-history":[{"count":0,"href":"https:\/\/www.europesays.com\/se\/wp-json\/wp\/v2\/posts\/104517\/revisions"}],"wp:featuredmedia":[{"embeddable":true,"href":"https:\/\/www.europesays.com\/se\/wp-json\/wp\/v2\/media\/104518"}],"wp:attachment":[{"href":"https:\/\/www.europesays.com\/se\/wp-json\/wp\/v2\/media?parent=104517"}],"wp:term":[{"taxonomy":"category","embeddable":true,"href":"https:\/\/www.europesays.com\/se\/wp-json\/wp\/v2\/categories?post=104517"},{"taxonomy":"post_tag","embeddable":true,"href":"https:\/\/www.europesays.com\/se\/wp-json\/wp\/v2\/tags?post=104517"}],"curies":[{"name":"wp","href":"https:\/\/api.w.org\/{rel}","templated":true}]}}