{"id":104527,"date":"2025-12-13T11:06:08","date_gmt":"2025-12-13T11:06:08","guid":{"rendered":"https:\/\/www.europesays.com\/se\/104527\/"},"modified":"2025-12-13T11:06:08","modified_gmt":"2025-12-13T11:06:08","slug":"podcast-nu-ser-ai-allt-atminstone-i-kina","status":"publish","type":"post","link":"https:\/\/www.europesays.com\/se\/104527\/","title":{"rendered":"Podcast: Nu ser AI allt &#8211; \u00e5tminstone i Kina"},"content":{"rendered":"<p>I podcasten AI+ pratar Viggo Cavling och hj\u00e4rnforskaren och AI-entrepren\u00f6ren Katarina Gospic dissekerar om vad som h\u00e4nder n\u00e4r tekniken blir stadens nervsystem. <\/p>\n<p>Samtalet r\u00f6r sig vidare till vetenskapens yttersta gr\u00e4nser. Gospic ber\u00e4ttar om sitt lunchm\u00f6te med \u00e5rets Nobelpristagare i fysik och hur kvantv\u00e4rldens logik \u2013 d\u00e4r partiklar kan passera genom materia och ber\u00e4kningar spr\u00e4nger all m\u00e4nsklig tidsuppfattning \u2013 redan nu b\u00f6rjar fl\u00e4tas samman med AI-utvecklingen. Det l\u00e5ter som science fiction, men \u00e4r h\u00f6gst verkligt.<\/p>\n<p>Podden tar ocks\u00e5 ett grepp om utbildning och arbete i AI-eran. \u00c4r akademiska titlar alltid svaret, eller \u00e4r det f\u00f6rm\u00e5gan att l\u00f6sa problem och anpassa sig som avg\u00f6r. N\u00e4r tekniken f\u00f6r\u00e4ndras varje vecka blir livsl\u00e5ngt l\u00e4rande viktigare \u00e4n formella meriter.<\/p>\n<p>Podcasten AI+ \u00e4r inget teknikjubel och ingen domedagspredikan. Det \u00e4r ett samtal med m\u00e5nga skratt om makt, m\u00e4nsklighet och vardag i en tid d\u00e4r framtiden redan har flyttat in.<\/p>\n","protected":false},"excerpt":{"rendered":"I podcasten AI+ pratar Viggo Cavling och hj\u00e4rnforskaren och AI-entrepren\u00f6ren Katarina Gospic dissekerar om vad som h\u00e4nder n\u00e4r&hellip;\n","protected":false},"author":2,"featured_media":104528,"comment_status":"","ping_status":"","sticky":false,"template":"","format":"standard","meta":{"footnotes":""},"categories":[65],"tags":[713,72,70,71,549,4824,5020,34,31,33,32,30],"class_list":{"0":"post-104527","1":"post","2":"type-post","3":"status-publish","4":"format-standard","5":"has-post-thumbnail","7":"category-ekonomi","8":"tag-ai","9":"tag-business","10":"tag-economy","11":"tag-ekonomi","12":"tag-kina","13":"tag-nobelpriset","14":"tag-podcast","15":"tag-se","16":"tag-svenska","17":"tag-sverige","18":"tag-sweden","19":"tag-swedish"},"share_on_mastodon":{"url":"https:\/\/pubeurope.com\/@se\/115711939897055062","error":""},"_links":{"self":[{"href":"https:\/\/www.europesays.com\/se\/wp-json\/wp\/v2\/posts\/104527","targetHints":{"allow":["GET"]}}],"collection":[{"href":"https:\/\/www.europesays.com\/se\/wp-json\/wp\/v2\/posts"}],"about":[{"href":"https:\/\/www.europesays.com\/se\/wp-json\/wp\/v2\/types\/post"}],"author":[{"embeddable":true,"href":"https:\/\/www.europesays.com\/se\/wp-json\/wp\/v2\/users\/2"}],"replies":[{"embeddable":true,"href":"https:\/\/www.europesays.com\/se\/wp-json\/wp\/v2\/comments?post=104527"}],"version-history":[{"count":0,"href":"https:\/\/www.europesays.com\/se\/wp-json\/wp\/v2\/posts\/104527\/revisions"}],"wp:featuredmedia":[{"embeddable":true,"href":"https:\/\/www.europesays.com\/se\/wp-json\/wp\/v2\/media\/104528"}],"wp:attachment":[{"href":"https:\/\/www.europesays.com\/se\/wp-json\/wp\/v2\/media?parent=104527"}],"wp:term":[{"taxonomy":"category","embeddable":true,"href":"https:\/\/www.europesays.com\/se\/wp-json\/wp\/v2\/categories?post=104527"},{"taxonomy":"post_tag","embeddable":true,"href":"https:\/\/www.europesays.com\/se\/wp-json\/wp\/v2\/tags?post=104527"}],"curies":[{"name":"wp","href":"https:\/\/api.w.org\/{rel}","templated":true}]}}