{"id":104531,"date":"2025-12-13T11:11:10","date_gmt":"2025-12-13T11:11:10","guid":{"rendered":"https:\/\/www.europesays.com\/se\/104531\/"},"modified":"2025-12-13T11:11:10","modified_gmt":"2025-12-13T11:11:10","slug":"ebba-andersson-krossade-alla-i-ostersund","status":"publish","type":"post","link":"https:\/\/www.europesays.com\/se\/104531\/","title":{"rendered":"Ebba Andersson krossade alla i \u00d6stersund"},"content":{"rendered":"<p>Publicerad 13 dec 2025 kl 11.10Uppdaterad kl 11.55<\/p>\n<p>Ebba Andersson krossade alla i \u00d6stersund.<\/p>\n<p>Skidstj\u00e4rnan vann med \u00f6ver tv\u00e5 minuter i masstarten.<\/p>\n<p>\u2013 Det var kr\u00e4vande d\u00e4r ute, s\u00e4ger Andersson i Expressens s\u00e4ndning.<\/p>\n<p><img   alt=\"\"\/><\/p>\n<p>Ebba Andersson tog en \u00f6vertygande seger i \u00d6stersund p\u00e5 l\u00f6rdagen.<\/p>\n<p>Foto: JOHAN AXELSSON \/ BILDBYR\u00c5N<\/p>\n<p>\u00d6ppna bild i helsk\u00e4rm<\/p>\n<p>Det var aldrig n\u00e5got snack om vem som skulle vinna damernas klassiska masstart under skandinaviska cupen i \u00d6stersund.<\/p>\n<p>Tre kilometer fick r\u00e4cka, sedan valde <a href=\"https:\/\/www.expressen.se\/tagg\/person\/ebba-andersson\/\" class=\"\" rel=\"nofollow noopener\" target=\"_blank\">Ebba Andersson<\/a> att sticka ifr\u00e5n klungan.\u00a0<\/p>\n<p>Resten av 20 kilometersloppet blev en ensamsegling f\u00f6r 28-\u00e5ringen som valde att st\u00e5 \u00f6ver helgens v\u00e4rldscup i Davos f\u00f6r att i st\u00e4llet t\u00e4vla p\u00e5 hemmaplan.<\/p>\n<p>Halvv\u00e4gs in i t\u00e4vlingen hade avst\u00e5ndet v\u00e4xt till \u00f6ver en minut \u2013 och under de sista varven varvade Ebba Andersson flera \u00e5kare som tvingades av banan.<\/p>\n<p>\u2013 Det blir l\u00e4tt s\u00e5 n\u00e4r det en v\u00e4rldsm\u00e4stare som \u00e4r ute och k\u00f6r, s\u00e4ger kommentatorn Oskar Danielsson Frost.<\/p>\n<p>Till slut vann Andersson med hela tv\u00e5 minuter och 21 sekunder f\u00f6re norskan Eva Ingebrigtsen. M\u00e4rta Rosenberg slutade trea.<\/p>\n<p>\u2013 Det var verkligen bra p\u00e5 att f\u00e5 tr\u00e4na p\u00e5 att h\u00e5lla fart p\u00e5 egen hand. Det var lite sm\u00e5lurigt i det h\u00e4r f\u00f6ret, s\u00e4ger Ebba Andersson i Expressens s\u00e4ndning.<\/p>\n<p>Det sn\u00f6ade tungt under hela loppet.<\/p>\n<p>\u2013 Ska jag vara \u00e4rlig s\u00e5 t\u00e4nkte jag att det skulle bli tufft att g\u00e5 ifr\u00e5n i dag. N\u00e4r det \u00e4r ett ganska konstant sn\u00f6fall \u00e4r det alltid en nackdel att ligga f\u00f6rst, s\u00e4ger Andersson.<\/p>\n<p>T\u00e4vlingshelgen i \u00d6stersund avslutas med 10 kilometer fristil. Loppen s\u00e4nds p\u00e5 Expressen f\u00f6r alla med ett +Allt-konto.<\/p>\n","protected":false},"excerpt":{"rendered":"Publicerad 13 dec 2025 kl 11.10Uppdaterad kl 11.55 Ebba Andersson krossade alla i \u00d6stersund. Skidstj\u00e4rnan vann med \u00f6ver&hellip;\n","protected":false},"author":2,"featured_media":104532,"comment_status":"","ping_status":"","sticky":false,"template":"","format":"standard","meta":{"footnotes":""},"categories":[68],"tags":[4140,34,857,111,110,31,33,32,30],"class_list":{"0":"post-104531","1":"post","2":"type-post","3":"status-publish","4":"format-standard","5":"has-post-thumbnail","7":"category-sport","8":"tag-person-ebba-andersson","9":"tag-se","10":"tag-sections-langdskidor","11":"tag-sport","12":"tag-sports","13":"tag-svenska","14":"tag-sverige","15":"tag-sweden","16":"tag-swedish"},"share_on_mastodon":{"url":"https:\/\/pubeurope.com\/@se\/115711959610238495","error":""},"_links":{"self":[{"href":"https:\/\/www.europesays.com\/se\/wp-json\/wp\/v2\/posts\/104531","targetHints":{"allow":["GET"]}}],"collection":[{"href":"https:\/\/www.europesays.com\/se\/wp-json\/wp\/v2\/posts"}],"about":[{"href":"https:\/\/www.europesays.com\/se\/wp-json\/wp\/v2\/types\/post"}],"author":[{"embeddable":true,"href":"https:\/\/www.europesays.com\/se\/wp-json\/wp\/v2\/users\/2"}],"replies":[{"embeddable":true,"href":"https:\/\/www.europesays.com\/se\/wp-json\/wp\/v2\/comments?post=104531"}],"version-history":[{"count":0,"href":"https:\/\/www.europesays.com\/se\/wp-json\/wp\/v2\/posts\/104531\/revisions"}],"wp:featuredmedia":[{"embeddable":true,"href":"https:\/\/www.europesays.com\/se\/wp-json\/wp\/v2\/media\/104532"}],"wp:attachment":[{"href":"https:\/\/www.europesays.com\/se\/wp-json\/wp\/v2\/media?parent=104531"}],"wp:term":[{"taxonomy":"category","embeddable":true,"href":"https:\/\/www.europesays.com\/se\/wp-json\/wp\/v2\/categories?post=104531"},{"taxonomy":"post_tag","embeddable":true,"href":"https:\/\/www.europesays.com\/se\/wp-json\/wp\/v2\/tags?post=104531"}],"curies":[{"name":"wp","href":"https:\/\/api.w.org\/{rel}","templated":true}]}}