{"id":104569,"date":"2025-12-13T12:21:29","date_gmt":"2025-12-13T12:21:29","guid":{"rendered":"https:\/\/www.europesays.com\/se\/104569\/"},"modified":"2025-12-13T12:21:29","modified_gmt":"2025-12-13T12:21:29","slug":"staten-havar-in-313-miljarder-nar-dold-skatt-hojs-efter-nyar","status":"publish","type":"post","link":"https:\/\/www.europesays.com\/se\/104569\/","title":{"rendered":"Staten h\u00e5var in 313 miljarder \u2013 n\u00e4r dold skatt h\u00f6js efter ny\u00e5r"},"content":{"rendered":"<p>Den allm\u00e4nna l\u00f6neavgiften \u00e4r en del av arbetsgivaravgiften, men till skillnad fr\u00e5n andra delavgifter saknar den koppling till socialf\u00f6rs\u00e4kringar som pension, sjukf\u00f6rs\u00e4kring eller arbetsskadef\u00f6rs\u00e4kring. N\u00e4r avgiften nu h\u00f6js fr\u00e5n 11,6 till 12,6 procent kommer den att utg\u00f6ra n\u00e4ra 40 procent av den totala arbetsgivaravgiften, enligt Svenskt N\u00e4ringsliv.<\/p>\n<p>Det har News55 skrivit om <a href=\"https:\/\/www.news55.se\/privatekonomi\/regeringens-hojer-skatt-i-smyg-med-en-procent-av-lonen\/\" rel=\"nofollow noopener\" target=\"_blank\">tidigare<\/a>.<\/p>\n<p>Dold skatt ger miljarder<\/p>\n<p>F\u00f6rra \u00e5ret fick staten in omkring 270 miljarder kronor via avgiften. N\u00e4sta \u00e5r ber\u00e4knas int\u00e4kterna \u00f6ka med drygt 40 miljarder kronor, vilket inneb\u00e4r att den allm\u00e4nna l\u00f6neavgiften ger staten mer pengar \u00e4n den avgift som finansierar \u00e5lderspensionerna.<\/p>\n<p>Skatteexperten <strong>Fredrik Carlgren<\/strong> beskriver i ett pressmeddelande fr\u00e5n Svenskt N\u00e4ringsliv att avgiften som en skatt snarare \u00e4n en f\u00f6rs\u00e4kringsavgift. \u201dDet blir en renodlad dold skatt p\u00e5 arbete\u201d, s\u00e4ger han till <a href=\"https:\/\/www.svensktnaringsliv.se\/sakomraden\/skatter\/dolda-skatten-smyghojs-an-en-gang_1244968.html?utm_source=newsletter&amp;utm_medium=email&amp;utm_campaign=Nytt+fr%C3%A5n+Svenskt+N%C3%A4ringsliv\" rel=\"nofollow noopener\" target=\"_blank\">Svenskt N\u00e4ringsliv.<\/a><\/p>\n","protected":false},"excerpt":{"rendered":"Den allm\u00e4nna l\u00f6neavgiften \u00e4r en del av arbetsgivaravgiften, men till skillnad fr\u00e5n andra delavgifter saknar den koppling till&hellip;\n","protected":false},"author":2,"featured_media":104570,"comment_status":"","ping_status":"","sticky":false,"template":"","format":"standard","meta":{"footnotes":""},"categories":[65],"tags":[72,70,71,6485,4500,349,34,2874,31,33,32,30],"class_list":{"0":"post-104569","1":"post","2":"type-post","3":"status-publish","4":"format-standard","5":"has-post-thumbnail","7":"category-ekonomi","8":"tag-business","9":"tag-economy","10":"tag-ekonomi","11":"tag-inkomst","12":"tag-pengar","13":"tag-privatekonomi","14":"tag-se","15":"tag-skatt","16":"tag-svenska","17":"tag-sverige","18":"tag-sweden","19":"tag-swedish"},"share_on_mastodon":{"url":"https:\/\/pubeurope.com\/@se\/115712234816218917","error":""},"_links":{"self":[{"href":"https:\/\/www.europesays.com\/se\/wp-json\/wp\/v2\/posts\/104569","targetHints":{"allow":["GET"]}}],"collection":[{"href":"https:\/\/www.europesays.com\/se\/wp-json\/wp\/v2\/posts"}],"about":[{"href":"https:\/\/www.europesays.com\/se\/wp-json\/wp\/v2\/types\/post"}],"author":[{"embeddable":true,"href":"https:\/\/www.europesays.com\/se\/wp-json\/wp\/v2\/users\/2"}],"replies":[{"embeddable":true,"href":"https:\/\/www.europesays.com\/se\/wp-json\/wp\/v2\/comments?post=104569"}],"version-history":[{"count":0,"href":"https:\/\/www.europesays.com\/se\/wp-json\/wp\/v2\/posts\/104569\/revisions"}],"wp:featuredmedia":[{"embeddable":true,"href":"https:\/\/www.europesays.com\/se\/wp-json\/wp\/v2\/media\/104570"}],"wp:attachment":[{"href":"https:\/\/www.europesays.com\/se\/wp-json\/wp\/v2\/media?parent=104569"}],"wp:term":[{"taxonomy":"category","embeddable":true,"href":"https:\/\/www.europesays.com\/se\/wp-json\/wp\/v2\/categories?post=104569"},{"taxonomy":"post_tag","embeddable":true,"href":"https:\/\/www.europesays.com\/se\/wp-json\/wp\/v2\/tags?post=104569"}],"curies":[{"name":"wp","href":"https:\/\/api.w.org\/{rel}","templated":true}]}}