{"id":104581,"date":"2025-12-13T12:36:15","date_gmt":"2025-12-13T12:36:15","guid":{"rendered":"https:\/\/www.europesays.com\/se\/104581\/"},"modified":"2025-12-13T12:36:15","modified_gmt":"2025-12-13T12:36:15","slug":"svenskarna-skot-bort-sig-i-jaktstarten-i-hochfilzen-skidskytte","status":"publish","type":"post","link":"https:\/\/www.europesays.com\/se\/104581\/","title":{"rendered":"Svenskarna sk\u00f6t bort sig i jaktstarten i Hochfilzen | Skidskytte"},"content":{"rendered":"<p>Publicerad 13 dec 2025 kl 12.51Uppdaterad kl 12.59<\/p>\n<p>Det var aldrig n\u00e4ra f\u00f6r svenskarna.\u00a0<\/p>\n<p>I jaktstarten var de aldrig n\u00e4ra.\u00a0<\/p>\n<p>B\u00e4ste svensk blev Martin Ponsiluoma.\u00a0<\/p>\n<p><img loading=\"lazy\"   alt=\"\"\/><\/p>\n<p>Martin Ponsiluoma sk\u00f6t tre bom..<\/p>\n<p>Foto: MATHIAS BERGELD \/ BILDBYR\u00c5N<\/p>\n<p>\u00d6ppna bild i helsk\u00e4rm<img loading=\"lazy\"   alt=\"\"\/><\/p>\n<p>.. och Sebastian Samuelsson med fyra.<\/p>\n<p>Foto: Bj\u00f6rn Larsson Rosvall\/TT \/ TT NYHETSBYR\u00c5N<\/p>\n<p>\u00d6ppna bild i helsk\u00e4rm<\/p>\n<p>Martin Ponsiluoma och <a href=\"https:\/\/www.expressen.se\/tagg\/person\/sebastian-samuelsson\/\" class=\"\" rel=\"nofollow noopener\" target=\"_blank\">Sebastian Samuelsson<\/a> startade p\u00e5 sj\u00e4tte respektive nionde plats i herrarnas jaktstart \u2013 och hade chansen p\u00e5 pallplatserna.\u00a0<\/p>\n<p>Men det var aldrig n\u00e4ra.\u00a0<\/p>\n<p>Martin Ponsiluoma sk\u00f6t tre bom och Sebastian Samuelsson sk\u00f6t fyra, varav tv\u00e5 redan i f\u00f6rsta skyttet.\u00a0<\/p>\n<p>\u2013 Det d\u00e4r \u00e4r jag inte n\u00f6jd med. F\u00e5r en d\u00e5lig start med tv\u00e5 bom i f\u00f6rsta ligg. Det \u00e4r synd. Hade jag skjutit fullt hade jag varit med b\u00e4ttre, s\u00e4ger Samuelsson i SVT.\u00a0<\/p>\n<p>Efter det slutade Ponsiluoma nia och Samuelsson tolva.\u00a0<\/p>\n<p>Vann gjorde fransmannen Eric Perrot f\u00f6ljt av Tomasso Giacomel fr\u00e5n Italien och Johan-Olav Botn, Norge.\u00a0<\/p>\n<p>Jesper Nelin slutade p\u00e5 plats 16 och Malte Stefansson p\u00e5 plats 27.\u00a0<\/p>\n","protected":false},"excerpt":{"rendered":"Publicerad 13 dec 2025 kl 12.51Uppdaterad kl 12.59 Det var aldrig n\u00e4ra f\u00f6r svenskarna.\u00a0 I jaktstarten var de&hellip;\n","protected":false},"author":2,"featured_media":104582,"comment_status":"","ping_status":"","sticky":false,"template":"","format":"standard","meta":{"footnotes":""},"categories":[68],"tags":[11783,5872,34,945,111,110,31,33,32,30],"class_list":{"0":"post-104581","1":"post","2":"type-post","3":"status-publish","4":"format-standard","5":"has-post-thumbnail","7":"category-sport","8":"tag-person-martin-ponsiluoma","9":"tag-person-sebastian-samuelsson","10":"tag-se","11":"tag-sections-skidskytte","12":"tag-sport","13":"tag-sports","14":"tag-svenska","15":"tag-sverige","16":"tag-sweden","17":"tag-swedish"},"share_on_mastodon":{"url":"https:\/\/pubeurope.com\/@se\/115712293953091178","error":""},"_links":{"self":[{"href":"https:\/\/www.europesays.com\/se\/wp-json\/wp\/v2\/posts\/104581","targetHints":{"allow":["GET"]}}],"collection":[{"href":"https:\/\/www.europesays.com\/se\/wp-json\/wp\/v2\/posts"}],"about":[{"href":"https:\/\/www.europesays.com\/se\/wp-json\/wp\/v2\/types\/post"}],"author":[{"embeddable":true,"href":"https:\/\/www.europesays.com\/se\/wp-json\/wp\/v2\/users\/2"}],"replies":[{"embeddable":true,"href":"https:\/\/www.europesays.com\/se\/wp-json\/wp\/v2\/comments?post=104581"}],"version-history":[{"count":0,"href":"https:\/\/www.europesays.com\/se\/wp-json\/wp\/v2\/posts\/104581\/revisions"}],"wp:featuredmedia":[{"embeddable":true,"href":"https:\/\/www.europesays.com\/se\/wp-json\/wp\/v2\/media\/104582"}],"wp:attachment":[{"href":"https:\/\/www.europesays.com\/se\/wp-json\/wp\/v2\/media?parent=104581"}],"wp:term":[{"taxonomy":"category","embeddable":true,"href":"https:\/\/www.europesays.com\/se\/wp-json\/wp\/v2\/categories?post=104581"},{"taxonomy":"post_tag","embeddable":true,"href":"https:\/\/www.europesays.com\/se\/wp-json\/wp\/v2\/tags?post=104581"}],"curies":[{"name":"wp","href":"https:\/\/api.w.org\/{rel}","templated":true}]}}