{"id":104595,"date":"2025-12-13T12:53:08","date_gmt":"2025-12-13T12:53:08","guid":{"rendered":"https:\/\/www.europesays.com\/se\/104595\/"},"modified":"2025-12-13T12:53:08","modified_gmt":"2025-12-13T12:53:08","slug":"herrey-om-avhoppet-hander-for-tredje-gangen","status":"publish","type":"post","link":"https:\/\/www.europesays.com\/se\/104595\/","title":{"rendered":"Herrey om avhoppet: H\u00e4nder f\u00f6r tredje g\u00e5ngen"},"content":{"rendered":"<p>F\u00f6re detta moderaten Richard Herrey hade inte t\u00e4nkt kandidera till riksdagsvalet, men l\u00e4t sig \u00f6vertygas. Det s\u00e4ger han i en intervju med Aftonbladet bara n\u00e5gra dagar efter att ha l\u00e4mnat partiet och politiken. <\/p>\n<p>I valet 2022 fick Herrey flest personkryss efter Ulf Kristersson bland moderaterna i Stockholm. I ett provval hamnade han p\u00e5 sjunde plats. Trots det fick han plats 14 p\u00e5 riksdagslistan inf\u00f6r valet 2026. <\/p>\n<p>\u2013 Det k\u00e4nns egentligen on\u00f6digt och lite sorgligt, men jag accepterar att det \u00e4r vad det \u00e4r, men samtidigt s\u00e5 protesterar jag och s\u00e4ger ifr\u00e5n och l\u00e4mnar partiet nu n\u00e4r det h\u00e4nder f\u00f6r tredje g\u00e5ngen, s\u00e4ger han till Aftonbladet. <\/p>\n<p>Till Nacka V\u00e4rmd\u00f6 Posten s\u00e4ger han att det som r\u00e4knas \u00e4r om man har gamla kompisar fr\u00e5n MUF.<\/p>\n<p>Omni \u00e4r politiskt obundna och oberoende. Vi str\u00e4var efter att ge fler perspektiv p\u00e5 nyheterna. Har du fr\u00e5gor eller synpunkter kring v\u00e5r rapportering? <a href=\"https:\/\/omni.se\/richard-herrey-om-avhoppet-hander-for-tredje-gangen\/a\/mailto:redaktion@omni.se\" class=\"ArticleActions_contactLink__W2F1M\" rel=\"nofollow noopener\" target=\"_blank\">Kontakta redaktionen<\/a><\/p>\n","protected":false},"excerpt":{"rendered":"F\u00f6re detta moderaten Richard Herrey hade inte t\u00e4nkt kandidera till riksdagsvalet, men l\u00e4t sig \u00f6vertygas. Det s\u00e4ger han&hellip;\n","protected":false},"author":2,"featured_media":104596,"comment_status":"","ping_status":"","sticky":false,"template":"","format":"standard","meta":{"footnotes":""},"categories":[12],"tags":[22,23,26,27,17,21,24,25,28,29,551,15,16,369,11619,18,34,258,127,31,33,32,30,19,20,1111],"class_list":{"0":"post-104595","1":"post","2":"type-post","3":"status-publish","4":"format-standard","5":"has-post-thumbnail","7":"category-sverige","8":"tag-breaking-news","9":"tag-breakingnews","10":"tag-featured-news","11":"tag-featurednews","12":"tag-headlines","13":"tag-huvudnyheter","14":"tag-latest-news","15":"tag-latestnews","16":"tag-main-news","17":"tag-mainnews","18":"tag-moderaterna","19":"tag-news","20":"tag-nyheter","21":"tag-politik","22":"tag-richard-herrey","23":"tag-rubriker","24":"tag-se","25":"tag-stockholm","26":"tag-stockholms-lan","27":"tag-svenska","28":"tag-sverige","29":"tag-sweden","30":"tag-swedish","31":"tag-top-stories","32":"tag-topstories","33":"tag-ulf-kristersson"},"share_on_mastodon":{"url":"https:\/\/pubeurope.com\/@se\/115712360867247364","error":""},"_links":{"self":[{"href":"https:\/\/www.europesays.com\/se\/wp-json\/wp\/v2\/posts\/104595","targetHints":{"allow":["GET"]}}],"collection":[{"href":"https:\/\/www.europesays.com\/se\/wp-json\/wp\/v2\/posts"}],"about":[{"href":"https:\/\/www.europesays.com\/se\/wp-json\/wp\/v2\/types\/post"}],"author":[{"embeddable":true,"href":"https:\/\/www.europesays.com\/se\/wp-json\/wp\/v2\/users\/2"}],"replies":[{"embeddable":true,"href":"https:\/\/www.europesays.com\/se\/wp-json\/wp\/v2\/comments?post=104595"}],"version-history":[{"count":0,"href":"https:\/\/www.europesays.com\/se\/wp-json\/wp\/v2\/posts\/104595\/revisions"}],"wp:featuredmedia":[{"embeddable":true,"href":"https:\/\/www.europesays.com\/se\/wp-json\/wp\/v2\/media\/104596"}],"wp:attachment":[{"href":"https:\/\/www.europesays.com\/se\/wp-json\/wp\/v2\/media?parent=104595"}],"wp:term":[{"taxonomy":"category","embeddable":true,"href":"https:\/\/www.europesays.com\/se\/wp-json\/wp\/v2\/categories?post=104595"},{"taxonomy":"post_tag","embeddable":true,"href":"https:\/\/www.europesays.com\/se\/wp-json\/wp\/v2\/tags?post=104595"}],"curies":[{"name":"wp","href":"https:\/\/api.w.org\/{rel}","templated":true}]}}