{"id":104611,"date":"2025-12-13T13:11:15","date_gmt":"2025-12-13T13:11:15","guid":{"rendered":"https:\/\/www.europesays.com\/se\/104611\/"},"modified":"2025-12-13T13:11:15","modified_gmt":"2025-12-13T13:11:15","slug":"pulp-fiction-skadespelaren-hittades-dod-blev-60-ar","status":"publish","type":"post","link":"https:\/\/www.europesays.com\/se\/104611\/","title":{"rendered":"&#8221;Pulp Fiction&#8221;-sk\u00e5despelaren hittades d\u00f6d &#8211; blev 60 \u00e5r"},"content":{"rendered":"<p><strong>Peter Greene<\/strong>,\u00a0fr\u00e4mst k\u00e4nd f\u00f6r sina skurkroller p\u00e5 90-talet, har avlidit vid 60 \u00e5rs \u00e5lder. Han hittades d\u00f6d i sin l\u00e4genhet den 12 december, skriver <a href=\"https:\/\/news.sky.com\/story\/actor-peter-greene-known-for-villainous-roles-in-pulp-fiction-and-the-mask-dies-at-60-13482795\" target=\"_blank\" rel=\"noreferrer noopener nofollow\">Sky News<\/a>. D\u00f6dsorsaken har inte angetts.<\/p>\n<p>Greenes mest k\u00e4nda roller \u00e4r f\u00f6rmodligen\u00a0som Zed i Tarantinos \u201dPulp Fiction\u201d\u00a0och\u00a0som Dorian i \u201dThe Mask\u201d med Jim Carrey. B\u00e5da filmerna sl\u00e4pptes 1994.<\/p>\n<p>\u2013 Ingen kunde spela skurk b\u00e4ttre \u00e4n Peter. Men han hade ocks\u00e5 en v\u00e4nlig sida som de flesta aldrig s\u00e5g, och ett hj\u00e4rta av guld, s\u00e4ger hans manager Gregg Edwards till media.<\/p>\n<p>Sk\u00e5despelaren har n\u00e4rmare 100 roller p\u00e5 sin meritlista, och har ocks\u00e5 medverkat i filmer som\u00a0\u201dTraining Day\u201d\u00a0och\u00a0\u201dDe misst\u00e4nkta\u201d. Greenes senaste roller inkluderar\u00a0John Wick-serien\u00a0\u201dThe Continental\u201d samt \u201dDope Thief\u201d p\u00e5 Apple TV.<\/p>\n<p>Han hade ocks\u00e5 flera projekt p\u00e5 g\u00e5ng, bland annat\u00a0\u201dMascots\u201d, med\u00a0Mickey Rourke\u00a0i huvudrollen och dokument\u00e4ren \u201dFrom the American People: The Withdrawal of USAID\u201d.<\/p>\n<p>Vila i frid, <a href=\"https:\/\/www.moviezine.se\/people\/peter-greene\" rel=\"nofollow noopener\" target=\"_blank\">Peter Greene<\/a>!<\/p>\n<p>L\u00e4s ocks\u00e5: <a href=\"https:\/\/www.moviezine.se\/nyheter\/35-filmstjarnor-som-gatt-bort-under-2025\" title=\"35 filmstj\u00e4rnor som g\u00e5tt bort under 2025\" class=\"underline-custom !font-montserrat !font-bold !underline-offset-4 !decoration-4 !decoration-moviezine-green !text-md\" rel=\"nofollow noopener\" target=\"_blank\">35 filmstj\u00e4rnor som g\u00e5tt bort under 2025<\/a><\/p>\n<p>L\u00e4s ocks\u00e5: <a href=\"https:\/\/www.moviezine.se\/nyheter\/basta-filmerna-2025\" title=\"De 10 b\u00e4sta filmerna 2025 \u2013 enligt MovieZine\" class=\"underline-custom !font-montserrat !font-bold !underline-offset-4 !decoration-4 !decoration-moviezine-green !text-md\" rel=\"nofollow noopener\" target=\"_blank\">De 10 b\u00e4sta filmerna 2025 \u2013 enligt MovieZine<\/a><\/p>\n","protected":false},"excerpt":{"rendered":"Peter Greene,\u00a0fr\u00e4mst k\u00e4nd f\u00f6r sina skurkroller p\u00e5 90-talet, har avlidit vid 60 \u00e5rs \u00e5lder. Han hittades d\u00f6d i&hellip;\n","protected":false},"author":2,"featured_media":104612,"comment_status":"","ping_status":"","sticky":false,"template":"","format":"standard","meta":{"footnotes":""},"categories":[5],"tags":[22,23,26,27,17,21,24,25,28,29,15,16,18,34,31,33,32,30,19,20,2501],"class_list":{"0":"post-104611","1":"post","2":"type-post","3":"status-publish","4":"format-standard","5":"has-post-thumbnail","7":"category-rubriker","8":"tag-breaking-news","9":"tag-breakingnews","10":"tag-featured-news","11":"tag-featurednews","12":"tag-headlines","13":"tag-huvudnyheter","14":"tag-latest-news","15":"tag-latestnews","16":"tag-main-news","17":"tag-mainnews","18":"tag-news","19":"tag-nyheter","20":"tag-rubriker","21":"tag-se","22":"tag-svenska","23":"tag-sverige","24":"tag-sweden","25":"tag-swedish","26":"tag-top-stories","27":"tag-topstories","28":"tag-vila-i-frid"},"share_on_mastodon":{"url":"https:\/\/pubeurope.com\/@se\/115712431409987733","error":""},"_links":{"self":[{"href":"https:\/\/www.europesays.com\/se\/wp-json\/wp\/v2\/posts\/104611","targetHints":{"allow":["GET"]}}],"collection":[{"href":"https:\/\/www.europesays.com\/se\/wp-json\/wp\/v2\/posts"}],"about":[{"href":"https:\/\/www.europesays.com\/se\/wp-json\/wp\/v2\/types\/post"}],"author":[{"embeddable":true,"href":"https:\/\/www.europesays.com\/se\/wp-json\/wp\/v2\/users\/2"}],"replies":[{"embeddable":true,"href":"https:\/\/www.europesays.com\/se\/wp-json\/wp\/v2\/comments?post=104611"}],"version-history":[{"count":0,"href":"https:\/\/www.europesays.com\/se\/wp-json\/wp\/v2\/posts\/104611\/revisions"}],"wp:featuredmedia":[{"embeddable":true,"href":"https:\/\/www.europesays.com\/se\/wp-json\/wp\/v2\/media\/104612"}],"wp:attachment":[{"href":"https:\/\/www.europesays.com\/se\/wp-json\/wp\/v2\/media?parent=104611"}],"wp:term":[{"taxonomy":"category","embeddable":true,"href":"https:\/\/www.europesays.com\/se\/wp-json\/wp\/v2\/categories?post=104611"},{"taxonomy":"post_tag","embeddable":true,"href":"https:\/\/www.europesays.com\/se\/wp-json\/wp\/v2\/tags?post=104611"}],"curies":[{"name":"wp","href":"https:\/\/api.w.org\/{rel}","templated":true}]}}