{"id":104621,"date":"2025-12-13T13:31:28","date_gmt":"2025-12-13T13:31:28","guid":{"rendered":"https:\/\/www.europesays.com\/se\/104621\/"},"modified":"2025-12-13T13:31:28","modified_gmt":"2025-12-13T13:31:28","slug":"space-x-varderas-till-800-miljarder-kor-om-open-ai","status":"publish","type":"post","link":"https:\/\/www.europesays.com\/se\/104621\/","title":{"rendered":"Space X v\u00e4rderas till 800 miljarder \u2013 k\u00f6r om Open AI"},"content":{"rendered":"<p>Av Aron Sigblad, Omni Ekonomi<br \/>Publicerad 13 december, 06:42. Uppdaterad 13 december, 07:21<\/p>\n<p>Elon Musks rymdbolag Space\u202fX ger gr\u00f6nt ljus till en intern aktief\u00f6rs\u00e4ljning som v\u00e4rderar raket- och satellittillverkaren till n\u00e4ra 800 miljarder dollar, samtidigt som bolaget f\u00f6rbereder f\u00f6r en b\u00f6rsnotering under 2026, rapporterar Bloomberg. <\/p>\n<p>I ett internt meddelande nyhetsbyr\u00e5n tagit del av uppger Space\u202fX att bolaget f\u00f6rbereder sig f\u00f6r en potentiell b\u00f6rsnotering n\u00e4sta \u00e5r. Detta f\u00f6r att finansiera en \u201denorm flygkraft\u201d f\u00f6r raketen Starship, datacenter f\u00f6r AI i rymden och en bas p\u00e5 m\u00e5nen. <\/p>\n<p>Priset i den interna f\u00f6rs\u00e4ljningen landar p\u00e5 421 dollar per aktie, enligt ett internt memo fr\u00e5n finanschef Bret Johnsen. Det \u00e4r n\u00e4stan dubbelt s\u00e5 h\u00f6gt j\u00e4mf\u00f6rt med i somras, d\u00e5 priset l\u00e5g p\u00e5 212 dollar per aktie och gav Space\u202fX en v\u00e4rdering p\u00e5 400 miljarder dollar. <\/p>\n<p>D\u00e4rmed k\u00f6r Space\u202fX om Sam Altmans Open\u202fAI som v\u00e4rldens h\u00f6gst v\u00e4rderade onoterade bolag.  <\/p>\n<p>Det \u00e4r \u00e4nnu oklart n\u00e4r under \u00e5ret som en b\u00f6rsnotering kan bli av, och bolaget kan ocks\u00e5 v\u00e4lja att inte g\u00e5 vidare med planerna, skriver Johnsen vidare. <\/p>\n<p>Omni \u00e4r politiskt obundna och oberoende. Vi str\u00e4var efter att ge fler perspektiv p\u00e5 nyheterna. Har du fr\u00e5gor eller synpunkter kring v\u00e5r rapportering? <a href=\"https:\/\/omni.se\/space-x-varderas-till-800-miljarder-bekraftar-borsplaner\/a\/mailto:redaktion@omni.se\" class=\"ArticleActions_contactLink__W2F1M\" rel=\"nofollow noopener\" target=\"_blank\">Kontakta redaktionen<\/a><\/p>\n","protected":false},"excerpt":{"rendered":"Av Aron Sigblad, Omni EkonomiPublicerad 13 december, 06:42. Uppdaterad 13 december, 07:21 Elon Musks rymdbolag Space\u202fX ger gr\u00f6nt&hellip;\n","protected":false},"author":2,"featured_media":104622,"comment_status":"","ping_status":"","sticky":false,"template":"","format":"standard","meta":{"footnotes":""},"categories":[65],"tags":[2382,72,333,70,71,704,334,268,370,34,5353,31,33,32,30,74,398],"class_list":{"0":"post-104621","1":"post","2":"type-post","3":"status-publish","4":"format-standard","5":"has-post-thumbnail","7":"category-ekonomi","8":"tag-borsnoteringar","9":"tag-business","10":"tag-data","11":"tag-economy","12":"tag-ekonomi","13":"tag-elon-musk","14":"tag-it-hogteknologi","15":"tag-nordamerika","16":"tag-rymden","17":"tag-se","18":"tag-space-x","19":"tag-svenska","20":"tag-sverige","21":"tag-sweden","22":"tag-swedish","23":"tag-usa","24":"tag-wall-street"},"share_on_mastodon":{"url":"https:\/\/pubeurope.com\/@se\/115712510082763966","error":""},"_links":{"self":[{"href":"https:\/\/www.europesays.com\/se\/wp-json\/wp\/v2\/posts\/104621","targetHints":{"allow":["GET"]}}],"collection":[{"href":"https:\/\/www.europesays.com\/se\/wp-json\/wp\/v2\/posts"}],"about":[{"href":"https:\/\/www.europesays.com\/se\/wp-json\/wp\/v2\/types\/post"}],"author":[{"embeddable":true,"href":"https:\/\/www.europesays.com\/se\/wp-json\/wp\/v2\/users\/2"}],"replies":[{"embeddable":true,"href":"https:\/\/www.europesays.com\/se\/wp-json\/wp\/v2\/comments?post=104621"}],"version-history":[{"count":0,"href":"https:\/\/www.europesays.com\/se\/wp-json\/wp\/v2\/posts\/104621\/revisions"}],"wp:featuredmedia":[{"embeddable":true,"href":"https:\/\/www.europesays.com\/se\/wp-json\/wp\/v2\/media\/104622"}],"wp:attachment":[{"href":"https:\/\/www.europesays.com\/se\/wp-json\/wp\/v2\/media?parent=104621"}],"wp:term":[{"taxonomy":"category","embeddable":true,"href":"https:\/\/www.europesays.com\/se\/wp-json\/wp\/v2\/categories?post=104621"},{"taxonomy":"post_tag","embeddable":true,"href":"https:\/\/www.europesays.com\/se\/wp-json\/wp\/v2\/tags?post=104621"}],"curies":[{"name":"wp","href":"https:\/\/api.w.org\/{rel}","templated":true}]}}