{"id":104637,"date":"2025-12-13T13:49:11","date_gmt":"2025-12-13T13:49:11","guid":{"rendered":"https:\/\/www.europesays.com\/se\/104637\/"},"modified":"2025-12-13T13:49:11","modified_gmt":"2025-12-13T13:49:11","slug":"expressen-direkt-senaste-nytt-i-korthet-998","status":"publish","type":"post","link":"https:\/\/www.europesays.com\/se\/104637\/","title":{"rendered":"Expressen Direkt \u2013 senaste nytt i korthet"},"content":{"rendered":"<p>Morgonens nyheter\u00a0Ung man skjuten till d\u00f6ds i bil i Malm\u00f6<\/p>\n<p>En ung man sk\u00f6ts till d\u00f6ds i Malm\u00f6 sent p\u00e5 fredagskv\u00e4llen.<br style=\"box-sizing: inherit; color: rgb(29, 28, 29); font-family: Slack-Lato, Slack-Fractions, appleLogo, sans-serif; font-size: 15px; font-style: normal; font-variant-ligatures: common-ligatures; font-variant-caps: normal; font-weight: 400; letter-spacing: normal; orphans: 2; text-align: left; text-indent: 0px; text-transform: none; widows: 2; word-spacing: 0px; -webkit-text-stroke-width: 0px; white-space: normal; background-color: rgb(255, 255, 255); text-decoration-thickness: initial; text-decoration-style: initial; text-decoration-color: initial;\"\/>Han hittades i ett fordon och f\u00f6rdes med ambulans till sjukhus.<br style=\"box-sizing: inherit; color: rgb(29, 28, 29); font-family: Slack-Lato, Slack-Fractions, appleLogo, sans-serif; font-size: 15px; font-style: normal; font-variant-ligatures: common-ligatures; font-variant-caps: normal; font-weight: 400; letter-spacing: normal; orphans: 2; text-align: left; text-indent: 0px; text-transform: none; widows: 2; word-spacing: 0px; -webkit-text-stroke-width: 0px; white-space: normal; background-color: rgb(255, 255, 255); text-decoration-thickness: initial; text-decoration-style: initial; text-decoration-color: initial;\"\/>\u201dEfter ett tag antr\u00e4ffades ett fordon med en skottskadad man i\u201d, skriver polisen p\u00e5 sin hemsida.<br style=\"box-sizing: inherit; color: rgb(29, 28, 29); font-family: Slack-Lato, Slack-Fractions, appleLogo, sans-serif; font-size: 15px; font-style: normal; font-variant-ligatures: common-ligatures; font-variant-caps: normal; font-weight: 400; letter-spacing: normal; orphans: 2; text-align: left; text-indent: 0px; text-transform: none; widows: 2; word-spacing: 0px; -webkit-text-stroke-width: 0px; white-space: normal; background-color: rgb(255, 255, 255); text-decoration-thickness: initial; text-decoration-style: initial; text-decoration-color: initial;\"\/>En stor polisinsats inleddes och omr\u00e5det runt bilen sp\u00e4rrades av f\u00f6r en teknisk unders\u00f6kning, men brottsplatsen lokaliserades under natten till en bit \u00f6ster om\u00a0Malm\u00f6.<br style=\"box-sizing: inherit; color: rgb(29, 28, 29); font-family: Slack-Lato, Slack-Fractions, appleLogo, sans-serif; font-size: 15px; font-style: normal; font-variant-ligatures: common-ligatures; font-variant-caps: normal; font-weight: 400; letter-spacing: normal; orphans: 2; text-align: left; text-indent: 0px; text-transform: none; widows: 2; word-spacing: 0px; -webkit-text-stroke-width: 0px; white-space: normal; background-color: rgb(255, 255, 255); text-decoration-thickness: initial; text-decoration-style: initial; text-decoration-color: initial;\"\/>Ingen \u00e4r gripen.<br style=\"box-sizing: inherit; color: rgb(29, 28, 29); font-family: Slack-Lato, Slack-Fractions, appleLogo, sans-serif; font-size: 15px; font-style: normal; font-variant-ligatures: common-ligatures; font-variant-caps: normal; font-weight: 400; letter-spacing: normal; orphans: 2; text-align: left; text-indent: 0px; text-transform: none; widows: 2; word-spacing: 0px; -webkit-text-stroke-width: 0px; white-space: normal; background-color: rgb(255, 255, 255); text-decoration-thickness: initial; text-decoration-style: initial; text-decoration-color: initial;\"\/>L\u00e4s mer:<br style=\"box-sizing: inherit; color: rgb(29, 28, 29); font-family: Slack-Lato, Slack-Fractions, appleLogo, sans-serif; font-size: 15px; font-style: normal; font-variant-ligatures: common-ligatures; font-variant-caps: normal; font-weight: 400; letter-spacing: normal; orphans: 2; text-align: left; text-indent: 0px; text-transform: none; widows: 2; word-spacing: 0px; -webkit-text-stroke-width: 0px; white-space: normal; background-color: rgb(255, 255, 255); text-decoration-thickness: initial; text-decoration-style: initial; text-decoration-color: initial;\"\/><a href=\"https:\/\/www.expressen.se\/nyheter\/sverige\/person-skjuten-i-bil\/\" target=\"_top\" rel=\"nofollow noopener\">Ung man skjuten till d\u00f6ds i bil i Malm\u00f6<\/a><\/p>\n<p>Explosion i bostadsomr\u00e5de i S\u00f6dert\u00e4lje<\/p>\n<p>Det inkom larmsamtal om en misst\u00e4nkt explosion och \u201den j\u00e4tteh\u00f6g sm\u00e4ll\u201d i Glasberga Sj\u00f6stad i S\u00f6dert\u00e4lje natten mot l\u00f6rdag.<br style=\"box-sizing: inherit; color: rgb(29, 28, 29); font-family: Slack-Lato, Slack-Fractions, appleLogo, sans-serif; font-size: 15px; font-style: normal; font-variant-ligatures: common-ligatures; font-variant-caps: normal; font-weight: 400; letter-spacing: normal; orphans: 2; text-align: left; text-indent: 0px; text-transform: none; widows: 2; word-spacing: 0px; -webkit-text-stroke-width: 0px; white-space: normal; background-color: rgb(255, 255, 255); text-decoration-thickness: initial; text-decoration-style: initial; text-decoration-color: initial;\"\/>\u2013 Det finns skador p\u00e5 fasaden p\u00e5 ett radhus och glassplitter. Vi hj\u00e4lpte n\u00e5gra i huset att ta sig ut fr\u00e5n baksidan, men ingen har skadats, s\u00e4ger Mikael Nygren vid r\u00e4ddningstj\u00e4nsten till\u00a0LT.<br style=\"box-sizing: inherit; color: rgb(29, 28, 29); font-family: Slack-Lato, Slack-Fractions, appleLogo, sans-serif; font-size: 15px; font-style: normal; font-variant-ligatures: common-ligatures; font-variant-caps: normal; font-weight: 400; letter-spacing: normal; orphans: 2; text-align: left; text-indent: 0px; text-transform: none; widows: 2; word-spacing: 0px; -webkit-text-stroke-width: 0px; white-space: normal; background-color: rgb(255, 255, 255); text-decoration-thickness: initial; text-decoration-style: initial; text-decoration-color: initial;\"\/>Platsen \u00e4r avsp\u00e4rrad. Polisen har inlett en f\u00f6runders\u00f6kning om allm\u00e4nfarlig \u00f6del\u00e4ggelse. En person har gripits.\u00a0<\/p>\n<p>Fall av \u201dbiblisk\u201d sjukdom uppt\u00e4ckt p\u00e5 spa i Europa<\/p>\n<p>Spet\u00e4lska, \u00e4ven k\u00e4nt som lepra och Hansens sjukdom, n\u00e4mndes i Bibeln som n\u00e5got som gjorde en person \u201doren\u201d enligt Mose lag. Rum\u00e4nska myndigheter meddelade p\u00e5 fredagen att tv\u00e5 personer i staden Cluj har diagnostiserats med spet\u00e4lska, skriver Reuters. Det \u00e4r de f\u00f6rsta bekr\u00e4ftade fallen av sjukdomen i Europa p\u00e5 \u00f6ver 40 \u00e5r. I dag kan man effektivt behandla spet\u00e4lska med antibiotikakombinationer.<br style=\"box-sizing: inherit; color: rgb(29, 28, 29); font-family: Slack-Lato, Slack-Fractions, appleLogo, sans-serif; font-size: 15px; font-style: normal; font-variant-ligatures: common-ligatures; font-variant-caps: normal; font-weight: 400; letter-spacing: normal; orphans: 2; text-align: left; text-indent: 0px; text-transform: none; widows: 2; word-spacing: 0px; -webkit-text-stroke-width: 0px; white-space: normal; background-color: rgb(255, 255, 255); text-decoration-thickness: initial; text-decoration-style: initial; text-decoration-color: initial;\"\/>De tv\u00e5 personerna som smittats, som \u00e4r 21 respektive 25 \u00e5r och ursprungligen kommer fr\u00e5n Indonesien, \u00e4r mass\u00f6rer p\u00e5 ett spa i staden.<br style=\"box-sizing: inherit; color: rgb(29, 28, 29); font-family: Slack-Lato, Slack-Fractions, appleLogo, sans-serif; font-size: 15px; font-style: normal; font-variant-ligatures: common-ligatures; font-variant-caps: normal; font-weight: 400; letter-spacing: normal; orphans: 2; text-align: left; text-indent: 0px; text-transform: none; widows: 2; word-spacing: 0px; -webkit-text-stroke-width: 0px; white-space: normal; background-color: rgb(255, 255, 255); text-decoration-thickness: initial; text-decoration-style: initial; text-decoration-color: initial;\"\/>L\u00e4s mer:<br style=\"box-sizing: inherit; color: rgb(29, 28, 29); font-family: Slack-Lato, Slack-Fractions, appleLogo, sans-serif; font-size: 15px; font-style: normal; font-variant-ligatures: common-ligatures; font-variant-caps: normal; font-weight: 400; letter-spacing: normal; orphans: 2; text-align: left; text-indent: 0px; text-transform: none; widows: 2; word-spacing: 0px; -webkit-text-stroke-width: 0px; white-space: normal; background-color: rgb(255, 255, 255); text-decoration-thickness: initial; text-decoration-style: initial; text-decoration-color: initial;\"\/><a href=\"https:\/\/www.expressen.se\/nyheter\/varlden\/fall-av-biblisk-sjukdom--upptackt-pa-spa-i-europa\/\" target=\"_top\" rel=\"nofollow noopener\">Fall av \u201dbiblisk\u201d sjukdom uppt\u00e4ckt p\u00e5 spa i Europa<\/a><\/p>\n","protected":false},"excerpt":{"rendered":"Morgonens nyheter\u00a0Ung man skjuten till d\u00f6ds i bil i Malm\u00f6 En ung man sk\u00f6ts till d\u00f6ds i Malm\u00f6&hellip;\n","protected":false},"author":2,"featured_media":39,"comment_status":"","ping_status":"","sticky":false,"template":"","format":"standard","meta":{"footnotes":""},"categories":[14],"tags":[22,23,26,27,35,17,21,24,25,28,29,15,16,18,34,31,33,32,30,19,20,51,52,53,54],"class_list":{"0":"post-104637","1":"post","2":"type-post","3":"status-publish","4":"format-standard","5":"has-post-thumbnail","7":"category-varlden","8":"tag-breaking-news","9":"tag-breakingnews","10":"tag-featured-news","11":"tag-featurednews","12":"tag-function-ta-bort-ai-rost","13":"tag-headlines","14":"tag-huvudnyheter","15":"tag-latest-news","16":"tag-latestnews","17":"tag-main-news","18":"tag-mainnews","19":"tag-news","20":"tag-nyheter","21":"tag-rubriker","22":"tag-se","23":"tag-svenska","24":"tag-sverige","25":"tag-sweden","26":"tag-swedish","27":"tag-top-stories","28":"tag-topstories","29":"tag-varlden","30":"tag-world","31":"tag-world-news","32":"tag-worldnews"},"share_on_mastodon":{"url":"https:\/\/pubeurope.com\/@se\/115712580940271571","error":""},"_links":{"self":[{"href":"https:\/\/www.europesays.com\/se\/wp-json\/wp\/v2\/posts\/104637","targetHints":{"allow":["GET"]}}],"collection":[{"href":"https:\/\/www.europesays.com\/se\/wp-json\/wp\/v2\/posts"}],"about":[{"href":"https:\/\/www.europesays.com\/se\/wp-json\/wp\/v2\/types\/post"}],"author":[{"embeddable":true,"href":"https:\/\/www.europesays.com\/se\/wp-json\/wp\/v2\/users\/2"}],"replies":[{"embeddable":true,"href":"https:\/\/www.europesays.com\/se\/wp-json\/wp\/v2\/comments?post=104637"}],"version-history":[{"count":0,"href":"https:\/\/www.europesays.com\/se\/wp-json\/wp\/v2\/posts\/104637\/revisions"}],"wp:featuredmedia":[{"embeddable":true,"href":"https:\/\/www.europesays.com\/se\/wp-json\/wp\/v2\/media\/39"}],"wp:attachment":[{"href":"https:\/\/www.europesays.com\/se\/wp-json\/wp\/v2\/media?parent=104637"}],"wp:term":[{"taxonomy":"category","embeddable":true,"href":"https:\/\/www.europesays.com\/se\/wp-json\/wp\/v2\/categories?post=104637"},{"taxonomy":"post_tag","embeddable":true,"href":"https:\/\/www.europesays.com\/se\/wp-json\/wp\/v2\/tags?post=104637"}],"curies":[{"name":"wp","href":"https:\/\/api.w.org\/{rel}","templated":true}]}}