{"id":104638,"date":"2025-12-13T13:52:12","date_gmt":"2025-12-13T13:52:12","guid":{"rendered":"https:\/\/www.europesays.com\/se\/104638\/"},"modified":"2025-12-13T13:52:12","modified_gmt":"2025-12-13T13:52:12","slug":"svenska-elin-ar-mitt-i-stormen-pa-kanarieoarna","status":"publish","type":"post","link":"https:\/\/www.europesays.com\/se\/104638\/","title":{"rendered":"Svenska Elin \u00e4r mitt i stormen p\u00e5 Kanarie\u00f6arna"},"content":{"rendered":"<p>Publicerad 13 dec 2025 kl 13.31Uppdaterad kl 14.21<\/p>\n<p>Stormen Emilia har dragit in \u00f6ver Kanarie\u00f6arna.<\/p>\n<p>Spanska myndigheter har utf\u00e4rdat en orange varning \u2013 den h\u00f6gsta niv\u00e5n \u2013 f\u00f6r samtliga sju \u00f6ar.\u00a0<\/p>\n<p>Det \u00e4r risk f\u00f6r \u00f6versv\u00e4mningar, kraftig nederb\u00f6rd och h\u00f6ga v\u00e5gor.\u00a0<\/p>\n<p>\u2013 Det bl\u00e5ser rej\u00e4lt, s\u00e4ger svenska Elin Stjernstr\u00f6m.<\/p>\n<p>Stormen Emilia har svept in \u00f6ver svenskfavoriten <a href=\"https:\/\/www.expressen.se\/tagg\/location\/kanarieoarna\/\" class=\"\" rel=\"nofollow noopener\" target=\"_blank\">Kanarie\u00f6arna<\/a> med en vecka kvar till jullovet.\u00a0<\/p>\n<p>Elin Stjernstr\u00f6m, 53, fr\u00e5n J\u00e4rl\u00e5sa landade p\u00e5 Teneriffa under fredagen.<\/p>\n<p>Hon ska tillbringa en m\u00e5nad p\u00e5 \u00f6n med sin familj.\u00a0<\/p>\n<p>\u2013 F\u00f6r en halvtimme drog ett rej\u00e4lt \u00e5skov\u00e4der in, med blixtar. Det bl\u00e5ser rej\u00e4lt. Havet \u00e4r riktigt v\u00e5gigt.\u00a0<\/p>\n<p>Hon har bes\u00f6kt \u00f6n \u00f6ver jul och ny\u00e5r tillsammans med sin familj i \u00f6ver tio \u00e5r.<\/p>\n<p>\u2013 Men s\u00e5 h\u00e4r har det aldrig varit. Det \u00e4r lite sp\u00e4nnande, och ska ju g\u00e5 \u00f6ver om n\u00e5gra dagar, s\u00e4ger Elin Stjernstr\u00f6m.\u00a0<\/p>\n<p>Regn, hagel och \u00e5ska\u00a0<\/p>\n<p>Ov\u00e4dret b\u00f6rjade redan under fredagen d\u00e5 vinterns f\u00f6rsta sn\u00f6 f\u00f6ll i Las Ca\u00f1adas p\u00e5 Teneriffa, vilket \u00e4r ovanligt tidigt p\u00e5 s\u00e4songen, enligt Canarian Weekly.\u00a0<\/p>\n<p>Men l\u00f6rdagen sp\u00e5s bli v\u00e4rst. Mest hittills har det bl\u00e5st i Teneriffas bergsomr\u00e5den, d\u00e4r man har uppm\u00e4tt vindar p\u00e5 36 meter per sekund vid Iza\u00f1a, skriver Canarian Weekly.\u00a0<\/p>\n<p>Regnet sp\u00e5s dra \u00f6ver \u00f6arna fr\u00e5n \u00f6st till v\u00e4st och kan lokalt bli mycket kraftigt och ih\u00e5llande, med hagel och \u00e5ska. De st\u00f6rsta nederb\u00f6rdsm\u00e4ngderna v\u00e4ntas p\u00e5 norra Teneriffa och Gran Canaria, skriver <a href=\"https:\/\/www.elmundo.es\/espana\/2025\/12\/13\/693d2cfe21efa06b6a8b4575.html\" rel=\"nofollow noopener\" target=\"_blank\">El Mundo.\u00a0<\/a><\/p>\n<p>Flyg st\u00e4lls in och dirigeras om\u00a0<\/p>\n<p>Det \u00e4r samtidigt st\u00f6kigt i flygtrafiken. Flera flighter har antingen st\u00e4llts in eller omdirigerats mellan \u00f6arnas olika flygplatser, enligt sajten.\u00a0<\/p>\n<p>Den lokala larmcentralen har hittills tagit emot 30 olika v\u00e4derrelaterade incidenter, som nedfallna grenar och mindre jordskred, skriver Canarian Weekly vidare. Ingen av dem har bed\u00f6mts som allvarlig.\u00a0<\/p>\n<p>H\u00e5rd sj\u00f6<\/p>\n<p>Turister och boende uppmanas iaktta f\u00f6rsiktighet vid pirer och str\u00e4nder p\u00e5 grund av h\u00e5rd sj\u00f6 med v\u00e5gor p\u00e5 upp mot sex meter.\u00a0<\/p>\n<p>\u201dAtt n\u00e4rma sig havet \u00e4r farligt\u201d, skriver v\u00e4derinstitutet Aemet i ett inl\u00e4gg p\u00e5 X.<\/p>\n<p><a href=\"https:\/\/x.com\/AEMET_Esp\/status\/1999789366743568414\" data-provider=\"twitter\" class=\"js-social-embed\" rel=\"nofollow\">https:\/\/x.com\/AEMET_Esp\/status\/1999789366743568414<\/a><\/p>\n<p>Flera personer har under h\u00f6sten d\u00f6tt efter att ha dragits ut i havet. <a href=\"https:\/\/www.expressen.se\/nyheter\/varlden\/flera-doda-pa-teneriffa-drogs-med-av-jattevagor-8n725\/\" rel=\"nofollow noopener\" target=\"_blank\">Fyra personer dog<\/a> f\u00f6rra s\u00f6ndagen efter att de tr\u00e4ffats av v\u00e5gor i en havsbass\u00e4ng i Los Gigantes p\u00e5 Teneriffas v\u00e4stkust, och i november <a href=\"https:\/\/www.expressen.se\/nyheter\/varlden\/tre-doda-och-flera-skadade-i-jattevagor-pa-teneriffa\/\" rel=\"nofollow noopener\" target=\"_blank\">dog ytterligare tre personer<\/a> i stora v\u00e5gor p\u00e5 samma \u00f6. \u00a0<\/p>\n","protected":false},"excerpt":{"rendered":"Publicerad 13 dec 2025 kl 13.31Uppdaterad kl 14.21 Stormen Emilia har dragit in \u00f6ver Kanarie\u00f6arna. Spanska myndigheter har&hellip;\n","protected":false},"author":2,"featured_media":104639,"comment_status":"","ping_status":"","sticky":false,"template":"","format":"standard","meta":{"footnotes":""},"categories":[5],"tags":[22,23,26,27,17,21,24,25,501,28,29,15,16,18,34,154,31,33,32,30,19,20],"class_list":{"0":"post-104638","1":"post","2":"type-post","3":"status-publish","4":"format-standard","5":"has-post-thumbnail","7":"category-rubriker","8":"tag-breaking-news","9":"tag-breakingnews","10":"tag-featured-news","11":"tag-featurednews","12":"tag-headlines","13":"tag-huvudnyheter","14":"tag-latest-news","15":"tag-latestnews","16":"tag-location-kanarieoarna","17":"tag-main-news","18":"tag-mainnews","19":"tag-news","20":"tag-nyheter","21":"tag-rubriker","22":"tag-se","23":"tag-sections-sverige","24":"tag-svenska","25":"tag-sverige","26":"tag-sweden","27":"tag-swedish","28":"tag-top-stories","29":"tag-topstories"},"share_on_mastodon":{"url":"https:\/\/pubeurope.com\/@se\/115712592707602273","error":""},"_links":{"self":[{"href":"https:\/\/www.europesays.com\/se\/wp-json\/wp\/v2\/posts\/104638","targetHints":{"allow":["GET"]}}],"collection":[{"href":"https:\/\/www.europesays.com\/se\/wp-json\/wp\/v2\/posts"}],"about":[{"href":"https:\/\/www.europesays.com\/se\/wp-json\/wp\/v2\/types\/post"}],"author":[{"embeddable":true,"href":"https:\/\/www.europesays.com\/se\/wp-json\/wp\/v2\/users\/2"}],"replies":[{"embeddable":true,"href":"https:\/\/www.europesays.com\/se\/wp-json\/wp\/v2\/comments?post=104638"}],"version-history":[{"count":0,"href":"https:\/\/www.europesays.com\/se\/wp-json\/wp\/v2\/posts\/104638\/revisions"}],"wp:featuredmedia":[{"embeddable":true,"href":"https:\/\/www.europesays.com\/se\/wp-json\/wp\/v2\/media\/104639"}],"wp:attachment":[{"href":"https:\/\/www.europesays.com\/se\/wp-json\/wp\/v2\/media?parent=104638"}],"wp:term":[{"taxonomy":"category","embeddable":true,"href":"https:\/\/www.europesays.com\/se\/wp-json\/wp\/v2\/categories?post=104638"},{"taxonomy":"post_tag","embeddable":true,"href":"https:\/\/www.europesays.com\/se\/wp-json\/wp\/v2\/tags?post=104638"}],"curies":[{"name":"wp","href":"https:\/\/api.w.org\/{rel}","templated":true}]}}