{"id":104642,"date":"2025-12-13T13:56:03","date_gmt":"2025-12-13T13:56:03","guid":{"rendered":"https:\/\/www.europesays.com\/se\/104642\/"},"modified":"2025-12-13T13:56:03","modified_gmt":"2025-12-13T13:56:03","slug":"nytt-prissystem-pa-bio-olika-pris-for-olika-bra-stolplats","status":"publish","type":"post","link":"https:\/\/www.europesays.com\/se\/104642\/","title":{"rendered":"Nytt prissystem p\u00e5 bio: olika pris f\u00f6r olika bra stolplats"},"content":{"rendered":"<p>I \u00e5r f\u00f6r\u00e4ndras en av de mest fasta punkterna i den svenska bioupplevelsen: det enhetliga biljettpriset. Filmstaden rullar n\u00e4mligen ut ett nytt system d\u00e4r biobiljetter priss\u00e4tts efter var i salongen man sitter, rapporterar <a href=\"https:\/\/omni.se\/nytt-biljettsystem-pa-bio-vacker-ilska-forsvaras\/a\/WvLmlj\" rel=\"nofollow noopener\" target=\"_blank\">Omni<\/a>. Det inneb\u00e4r att platserna i mitten, som ofta betraktas som mest attraktiva n\u00e4r det g\u00e4ller b\u00e5de ljud och sikt, blir dyrast, medan raderna l\u00e4ngst fram och l\u00e4ngs kanterna f\u00e5r en l\u00e4gre prislapp.<\/p>\n<p>P\u00e5 flera biografer har systemet redan tagits i bruk, och f\u00f6re \u00e5rets slut v\u00e4ntas det omfatta hela landet. F\u00f6r m\u00e5nga biobes\u00f6kare inneb\u00e4r det en m\u00e4rkbar f\u00f6r\u00e4ndring i hur man bokar sin plats. Vid biljettk\u00f6pet m\u00f6ts man nu av en f\u00e4rgkodad stolsplan d\u00e4r rosa markerar den dyraste zonen, bl\u00e5 visar mellanpriset och gr\u00e5 indikerar de billigaste alternativen.<\/p>\n<p>Nya priser f\u00f6r bio v\u00e4cker debatt<\/p>\n<p>Inf\u00f6randet av zonpriserna har snabbt blivit f\u00f6rem\u00e5l f\u00f6r debatt. En del ser det som ett s\u00e4tt att g\u00f6ra bio mer tillg\u00e4ngligt f\u00f6r dem som fr\u00e4mst vill komma undan billigare, medan andra upplever att systemet bryter mot traditionen av att biografen \u00e4r en j\u00e4mlik kulturgemenskap d\u00e4r alla betalar samma summa oavsett placering. Kritiker menar att \u00e4ven sm\u00e5 salonger riskerar att delas in i \u201db\u00e4ttre\u201d och \u201ds\u00e4mre\u201d omr\u00e5den, trots att skillnaderna i upplevelse d\u00e4r ofta \u00e4r marginella.<\/p>\n<p>\u201cDetta m\u00e5ste lyftas som en av de s\u00e4msta id\u00e9erna i svensk bio-historia. Man kan lika g\u00e4rna kalla zonerna f\u00f6r \u201csocialzon A, B och C\u201d d\u00e4r fattiga f\u00e5r kolla p\u00e5 bio med s\u00e4mst platser\u201d, s\u00e4ger <strong>Tomas Pham Nilsson<\/strong> fr\u00e5n G\u00f6teborg till <a href=\"https:\/\/www.gp.se\/nyheter\/sverige\/filmstaden-infor-nytt-zonsystem-med-olika-pris-pa-biobiljetter.f52caf7c-b858-4669-b2b1-12e71df65145\" rel=\"nofollow noopener\" target=\"_blank\">G\u00f6teborgs Posten<\/a>. <\/p>\n<p>Missn\u00f6jet har \u00e4ven f\u00f6rst\u00e4rkts av en st\u00f6rre diskussion kring Filmstadens prisniv\u00e5er. Medan biljettkostnaderna delats upp i zoner, har vissa biobes\u00f6kare redan tidigare reagerat p\u00e5 kostnaderna f\u00f6r snacks och reglerna kring egen medhavd mat. Kombinationen av h\u00f6ga till\u00e4gg och det nya zonsystemet har f\u00e5tt flera att k\u00e4nna oro f\u00f6r att prisniv\u00e5erna gradvis ska forts\u00e4tta stiga.<\/p>\n<p><img loading=\"lazy\" decoding=\"async\" width=\"1024\" height=\"576\" src=\"https:\/\/www.europesays.com\/se\/wp-content\/uploads\/2025\/12\/filmstaden-1024x576.jpg\" alt=\"\" class=\"wp-image-1165919\"  \/>Filmstaden beskriver f\u00f6r\u00e4ndringen som ett s\u00e4tt att bredda valm\u00f6jligheterna. (Foto: Johan Nilsson\/TT)<\/p>\n","protected":false},"excerpt":{"rendered":"I \u00e5r f\u00f6r\u00e4ndras en av de mest fasta punkterna i den svenska bioupplevelsen: det enhetliga biljettpriset. Filmstaden rullar&hellip;\n","protected":false},"author":2,"featured_media":104643,"comment_status":"","ping_status":"","sticky":false,"template":"","format":"standard","meta":{"footnotes":""},"categories":[67],"tags":[6558,104,903,11785,10512,34,31,33,32,30,105],"class_list":{"0":"post-104642","1":"post","2":"type-post","3":"status-publish","4":"format-standard","5":"has-post-thumbnail","7":"category-underhallning","8":"tag-bio","9":"tag-entertainment","10":"tag-film","11":"tag-filmstaden","12":"tag-priser","13":"tag-se","14":"tag-svenska","15":"tag-sverige","16":"tag-sweden","17":"tag-swedish","18":"tag-underhallning"},"share_on_mastodon":{"url":"","error":""},"_links":{"self":[{"href":"https:\/\/www.europesays.com\/se\/wp-json\/wp\/v2\/posts\/104642","targetHints":{"allow":["GET"]}}],"collection":[{"href":"https:\/\/www.europesays.com\/se\/wp-json\/wp\/v2\/posts"}],"about":[{"href":"https:\/\/www.europesays.com\/se\/wp-json\/wp\/v2\/types\/post"}],"author":[{"embeddable":true,"href":"https:\/\/www.europesays.com\/se\/wp-json\/wp\/v2\/users\/2"}],"replies":[{"embeddable":true,"href":"https:\/\/www.europesays.com\/se\/wp-json\/wp\/v2\/comments?post=104642"}],"version-history":[{"count":0,"href":"https:\/\/www.europesays.com\/se\/wp-json\/wp\/v2\/posts\/104642\/revisions"}],"wp:featuredmedia":[{"embeddable":true,"href":"https:\/\/www.europesays.com\/se\/wp-json\/wp\/v2\/media\/104643"}],"wp:attachment":[{"href":"https:\/\/www.europesays.com\/se\/wp-json\/wp\/v2\/media?parent=104642"}],"wp:term":[{"taxonomy":"category","embeddable":true,"href":"https:\/\/www.europesays.com\/se\/wp-json\/wp\/v2\/categories?post=104642"},{"taxonomy":"post_tag","embeddable":true,"href":"https:\/\/www.europesays.com\/se\/wp-json\/wp\/v2\/tags?post=104642"}],"curies":[{"name":"wp","href":"https:\/\/api.w.org\/{rel}","templated":true}]}}