{"id":104660,"date":"2025-12-13T14:19:12","date_gmt":"2025-12-13T14:19:12","guid":{"rendered":"https:\/\/www.europesays.com\/se\/104660\/"},"modified":"2025-12-13T14:19:12","modified_gmt":"2025-12-13T14:19:12","slug":"belarus-slapper-123-fangar-oppositionsledare-och-nobelvinnare-benadade","status":"publish","type":"post","link":"https:\/\/www.europesays.com\/se\/104660\/","title":{"rendered":"Belarus sl\u00e4pper 123 f\u00e5ngar \u2013 oppositionsledare och Nobelvinnare ben\u00e5dade"},"content":{"rendered":"<p>Av Emma Hedlin<br \/>Publicerad 13 december, 14:38. Uppdaterad 13 december, 14:43<\/p>\n<p>Belarus diktator Aleksandr Lukasjenko har ben\u00e5dat 123 f\u00e5ngar, d\u00e4ribland oppositionsledaren Maria Kolesnikova och 2022 \u00e5rs fredspristagare Ales Bjaljatski, rapporterar Reuters.<\/p>\n<p>Enligt belarusisk statsmedia ben\u00e5das f\u00e5ngarna i utbyte mot att USA l\u00e4ttar p\u00e5 en del av sanktionerna mot landet, skriver AP.<\/p>\n<p>Kolesnikova var en av ledarna f\u00f6r massprotesterna mot Lukasjenko efter det kritiserade presidentvalet 2020. Hon f\u00e4ngslades samma \u00e5r och d\u00f6mdes till ett elva\u00e5rigt f\u00e4ngelsestraff p\u00e5 grund av sin inblandning i protesterna. Bjaljatski avtj\u00e4nade ett tio\u00e5rigt f\u00e4ngelsestraff p\u00e5 en f\u00e5ngkoloni.<\/p>\n<p>Oppositionspolitikern Svetlana Tichanovskaja, vars man Sergej Tichanovskij sl\u00e4pptes i juni, s\u00e4ger att l\u00f6rdagens frigivning visar att Lukasjenko \u201df\u00f6rst\u00e5r sm\u00e4rtan av v\u00e4sterl\u00e4ndska sanktioner\u201d. <\/p>\n<p>Hon varnar samtidigt omv\u00e4rlden f\u00f6r att vara naiv.<\/p>\n<p>\u2013 Lukasjenko har inte \u00e4ndrat sin politik, hans repression forts\u00e4tter och han forts\u00e4tter att st\u00f6dja Rysslands krig mot Ukraina, s\u00e4ger hon.<\/p>\n<p>Omni \u00e4r politiskt obundna och oberoende. Vi str\u00e4var efter att ge fler perspektiv p\u00e5 nyheterna. Har du fr\u00e5gor eller synpunkter kring v\u00e5r rapportering? <a href=\"https:\/\/omni.se\/belarus-benadar-oppositionsledare\/a\/mailto:redaktion@omni.se\" class=\"ArticleActions_contactLink__W2F1M\" rel=\"nofollow noopener\" target=\"_blank\">Kontakta redaktionen<\/a><\/p>\n","protected":false},"excerpt":{"rendered":"Av Emma HedlinPublicerad 13 december, 14:38. Uppdaterad 13 december, 14:43 Belarus diktator Aleksandr Lukasjenko har ben\u00e5dat 123 f\u00e5ngar,&hellip;\n","protected":false},"author":2,"featured_media":104661,"comment_status":"","ping_status":"","sticky":false,"template":"","format":"standard","meta":{"footnotes":""},"categories":[5],"tags":[948,22,23,267,26,27,17,21,24,25,28,29,15,16,18,34,31,33,11786,32,30,19,20],"class_list":{"0":"post-104660","1":"post","2":"type-post","3":"status-publish","4":"format-standard","5":"has-post-thumbnail","7":"category-rubriker","8":"tag-belarus","9":"tag-breaking-news","10":"tag-breakingnews","11":"tag-europa","12":"tag-featured-news","13":"tag-featurednews","14":"tag-headlines","15":"tag-huvudnyheter","16":"tag-latest-news","17":"tag-latestnews","18":"tag-main-news","19":"tag-mainnews","20":"tag-news","21":"tag-nyheter","22":"tag-rubriker","23":"tag-se","24":"tag-svenska","25":"tag-sverige","26":"tag-svetlana-tichanovskaja","27":"tag-sweden","28":"tag-swedish","29":"tag-top-stories","30":"tag-topstories"},"share_on_mastodon":{"url":"https:\/\/pubeurope.com\/@se\/115712698940334341","error":""},"_links":{"self":[{"href":"https:\/\/www.europesays.com\/se\/wp-json\/wp\/v2\/posts\/104660","targetHints":{"allow":["GET"]}}],"collection":[{"href":"https:\/\/www.europesays.com\/se\/wp-json\/wp\/v2\/posts"}],"about":[{"href":"https:\/\/www.europesays.com\/se\/wp-json\/wp\/v2\/types\/post"}],"author":[{"embeddable":true,"href":"https:\/\/www.europesays.com\/se\/wp-json\/wp\/v2\/users\/2"}],"replies":[{"embeddable":true,"href":"https:\/\/www.europesays.com\/se\/wp-json\/wp\/v2\/comments?post=104660"}],"version-history":[{"count":0,"href":"https:\/\/www.europesays.com\/se\/wp-json\/wp\/v2\/posts\/104660\/revisions"}],"wp:featuredmedia":[{"embeddable":true,"href":"https:\/\/www.europesays.com\/se\/wp-json\/wp\/v2\/media\/104661"}],"wp:attachment":[{"href":"https:\/\/www.europesays.com\/se\/wp-json\/wp\/v2\/media?parent=104660"}],"wp:term":[{"taxonomy":"category","embeddable":true,"href":"https:\/\/www.europesays.com\/se\/wp-json\/wp\/v2\/categories?post=104660"},{"taxonomy":"post_tag","embeddable":true,"href":"https:\/\/www.europesays.com\/se\/wp-json\/wp\/v2\/tags?post=104660"}],"curies":[{"name":"wp","href":"https:\/\/api.w.org\/{rel}","templated":true}]}}