{"id":104662,"date":"2025-12-13T14:20:10","date_gmt":"2025-12-13T14:20:10","guid":{"rendered":"https:\/\/www.europesays.com\/se\/104662\/"},"modified":"2025-12-13T14:20:10","modified_gmt":"2025-12-13T14:20:10","slug":"fler-vilda-faglar-visar-tecken-pa-fagelinfluensa-i-sodra-sverige","status":"publish","type":"post","link":"https:\/\/www.europesays.com\/se\/104662\/","title":{"rendered":"Fler vilda f\u00e5glar visar tecken p\u00e5 f\u00e5gelinfluensa i s\u00f6dra Sverige"},"content":{"rendered":"<p>            <a href=\"https:\/\/tidningensyre.se\/sektion\/radar\/\" class=\"article__breadcrumb-link article__breadcrumb-link--magenta\" rel=\"nofollow noopener\" target=\"_blank\">Radar<\/a><br \/>\n             \u00b7 Milj\u00f6\ufeff<\/p>\n<p>\n            Publicerad 16 minuter sedan\n        <\/p>\n<p>\n                    \u00d6kningen av f\u00e5gelinfluensa g\u00e4ller framf\u00f6r allt g\u00e4ss i Sk\u00e5ne, enligt Statens veterin\u00e4rmedicinska anstalt. Foto: Johan Nilsson\/TT\n            <\/p>\n<p class=\"article__sublead\">Den senaste veckan har antalet rapporter till Statens veterin\u00e4rmedicinska anstalt, SVA, om vilda f\u00e5glar med tecken p\u00e5 f\u00e5gelinfluensa \u00f6kat kraftigt. <\/p>\n<p class=\"article__paragraph\">Sedan den 1 oktober har f\u00e5gelinfluensa konstaterats hos 22 vilda f\u00e5glar i Sverige, skriver SVA i ett pressmeddelande. Den senaste veckan har antalet rapporter om vilda f\u00e5glar med tydliga symtom p\u00e5 sjukdomen \u00f6kat kraftigt via SVA:s rapporteringssida, <a href=\"https:\/\/rapporteravilt.sva.se\/\" target=\"_blank\" rel=\"noopener nofollow\">rapporteravilt.sva.se<\/a>.<\/p>\n<p class=\"article__paragraph\">\u00d6kningen g\u00e4ller framf\u00f6r allt g\u00e4ss i Sk\u00e5ne, men det har \u00e4ven inkommit flera rapporter fr\u00e5n andra regioner i s\u00f6dra Sverige: Halland, Blekinge, Kalmar, \u00d6sterg\u00f6tland och Gotland. Detta \u00e4r endast en liten del av det verkliga antalet drabbade, eftersom bara ett begr\u00e4nsat urval av f\u00e5glar unders\u00f6ks, skriver SVA.<\/p>\n<p><strong>\u00d6kad risk f\u00f6r tama f\u00e5glar<\/strong><\/p>\n<p class=\"article__paragraph\">Djur\u00e4gare med tama f\u00e5glar eller fj\u00e4derf\u00e4 uppmanas vara extra vaksammas. Under oktober och november rapporterades fyra utbrott av f\u00e5gelinfluensa hos tama f\u00e5glar i Sverige \u2013 varav tre r\u00f6rde kommersiella anl\u00e4ggningar. Smittan kan finnas i f\u00e5gelspillning, och d\u00e4rf\u00f6r \u00e4r det viktigt att noggranna smittskyddsrutiner uppr\u00e4tth\u00e5lls vid kontakt med tama f\u00e5glar.<\/p>\n<p class=\"article__paragraph\">\u2013 Dessa f\u00e5glar kan vara smittade med f\u00e5gelinfluensavirus, och \u00e4ven om risken \u00e4r l\u00e5g s\u00e5 vet vi att m\u00e4nniskor som \u00e4r i n\u00e4ra kontakt med infekterade f\u00e5glar kan bli smittade. Man ska d\u00e4rf\u00f6r undvika att vara i kontakt med sjuka vilda f\u00e5glar och inte ta dem till en veterin\u00e4rklinik eller viltrehabilitering, s\u00e4ger Karl St\u00e5hl, statsepizootolog p\u00e5 SVA.<\/p>\n<p class=\"article__paragraph\">\u00c4ven internationellt forts\u00e4tter antalet rapporterade fall av f\u00e5gelinfluensa p\u00e5 vilda f\u00e5glar och tamfj\u00e4derf\u00e4 att \u00f6ka, enligt <a href=\"https:\/\/lantbruksnytt.se\/okad-spridning-av-fagelinfluensa-bland-vilda-faglar\/\" data-type=\"link\" data-id=\"https:\/\/lantbruksnytt.se\/okad-spridning-av-fagelinfluensa-bland-vilda-faglar\/\" target=\"_blank\" rel=\"noopener nofollow\">Lantbruksnytt<\/a>, som skriver att smittan denna s\u00e4song anses vara aggressivare \u00e4n tidigare vintrar.<\/p>\n","protected":false},"excerpt":{"rendered":"Radar \u00b7 Milj\u00f6\ufeff Publicerad 16 minuter sedan \u00d6kningen av f\u00e5gelinfluensa g\u00e4ller framf\u00f6r allt g\u00e4ss i Sk\u00e5ne, enligt Statens&hellip;\n","protected":false},"author":2,"featured_media":104663,"comment_status":"","ping_status":"","sticky":false,"template":"","format":"standard","meta":{"footnotes":""},"categories":[69],"tags":[113,112,34,31,33,32,30],"class_list":{"0":"post-104662","1":"post","2":"type-post","3":"status-publish","4":"format-standard","5":"has-post-thumbnail","7":"category-halsa","8":"tag-halsa","9":"tag-health","10":"tag-se","11":"tag-svenska","12":"tag-sverige","13":"tag-sweden","14":"tag-swedish"},"share_on_mastodon":{"url":"https:\/\/pubeurope.com\/@se\/115712702697447909","error":""},"_links":{"self":[{"href":"https:\/\/www.europesays.com\/se\/wp-json\/wp\/v2\/posts\/104662","targetHints":{"allow":["GET"]}}],"collection":[{"href":"https:\/\/www.europesays.com\/se\/wp-json\/wp\/v2\/posts"}],"about":[{"href":"https:\/\/www.europesays.com\/se\/wp-json\/wp\/v2\/types\/post"}],"author":[{"embeddable":true,"href":"https:\/\/www.europesays.com\/se\/wp-json\/wp\/v2\/users\/2"}],"replies":[{"embeddable":true,"href":"https:\/\/www.europesays.com\/se\/wp-json\/wp\/v2\/comments?post=104662"}],"version-history":[{"count":0,"href":"https:\/\/www.europesays.com\/se\/wp-json\/wp\/v2\/posts\/104662\/revisions"}],"wp:featuredmedia":[{"embeddable":true,"href":"https:\/\/www.europesays.com\/se\/wp-json\/wp\/v2\/media\/104663"}],"wp:attachment":[{"href":"https:\/\/www.europesays.com\/se\/wp-json\/wp\/v2\/media?parent=104662"}],"wp:term":[{"taxonomy":"category","embeddable":true,"href":"https:\/\/www.europesays.com\/se\/wp-json\/wp\/v2\/categories?post=104662"},{"taxonomy":"post_tag","embeddable":true,"href":"https:\/\/www.europesays.com\/se\/wp-json\/wp\/v2\/tags?post=104662"}],"curies":[{"name":"wp","href":"https:\/\/api.w.org\/{rel}","templated":true}]}}