{"id":104674,"date":"2025-12-13T14:43:11","date_gmt":"2025-12-13T14:43:11","guid":{"rendered":"https:\/\/www.europesays.com\/se\/104674\/"},"modified":"2025-12-13T14:43:11","modified_gmt":"2025-12-13T14:43:11","slug":"toppadvokatensagar-regeringen-sverige-expressen","status":"publish","type":"post","link":"https:\/\/www.europesays.com\/se\/104674\/","title":{"rendered":"Toppadvokaten\ns\u00e5gar regeringen | Sverige | Expressen"},"content":{"rendered":"<p>Publicerad 13 dec 2025 kl 13.59<\/p>\n<p>Lagar kopplade till g\u00e4ngkriminalitet stiftas f\u00f6r snabbt.\u00a0<\/p>\n<p>Det anser Johan Eriksson, ordf\u00f6rande f\u00f6r Sveriges Advokatsamfund, som kritiserar regeringens kriminalpolitik.\u00a0<\/p>\n<p>\u00a0\u2013\u00a0Det \u00e4r sv\u00e5rt att hitta p\u00e5 lagar, man m\u00e5ste t\u00e4nka, s\u00e4ger han i <a href=\"https:\/\/www.tv4.se\/artikel\/3J0eJxhPEY5JWXwMVjEaLR\/advokaten-varnar-foer-regeringens-kriminalpolitik-gar-foer-fort\" rel=\"nofollow noopener\" target=\"_blank\">TV4:s \u201dNyhetsmorgon\u201d<\/a>.\u00a0<\/p>\n<p><img   alt=\"\"\/><\/p>\n<p>\u201dEn lagstiftning har vi f\u00f6r alltid och det m\u00e5ste spegla samh\u00e4llets uppfattning om hur det ska vara\u201d s\u00e4ger Johan Eriksson i Nyhetsmorgon.<\/p>\n<p>Foto: TV4<\/p>\n<p>\u00d6ppna bild i helsk\u00e4rmArtikeln i korthet<\/p>\n<p>Johan Eriksson, ordf\u00f6rande f\u00f6r Sveriges Advokatsamfund, \u00e4r kritisk till att regeringen skyndar p\u00e5 att inf\u00f6ra lagar mot g\u00e4ngkriminella.\u00a0<\/p>\n<p>\u201dLagstiftning ska finnas v\u00e4ldigt l\u00e4nge, inte bara i det klimat vi har just nu\u201d, s\u00e4ger han. \u00a0<\/p>\n<p>Visa mer<\/p>\n<p><a href=\"https:\/\/www.expressen.se\/tagg\/organization\/regeringen\/\" class=\"\" rel=\"nofollow noopener\" target=\"_blank\">Regeringen<\/a> och Sverigedemokraterna l\u00e4gger om r\u00e4ttspolitiken f\u00f6r att komma \u00e5t g\u00e4ngbrottsligheten. Straffen ska sk\u00e4rpas, m\u00e4ngdrabatten avskaffas, fler ska kunna h\u00e4ktas och domstolarna ta mindre personlig h\u00e4nsyn.<\/p>\n<p>Johan Eriksson, advokat och ordf\u00f6rande f\u00f6r Sveriges Advokatsamfund, varnar f\u00f6r ett paradigmskifte inom kriminalpolitiken \u2013 och f\u00f6r tempot i lagstiftningsarbetet.<\/p>\n<p>\u2013 Det g\u00e5r s\u00e5 fort att de inte hinner med sj\u00e4lva. Det \u00e4r inte bra, s\u00e4ger han i TV4:s \u201dNyhetsmorgon\u201d.\u00a0<\/p>\n<p>Han st\u00e4ller sig fr\u00e5gande till om politikerna ens hunnit l\u00e4sa alla lagar de vill inf\u00f6ra, med tanke p\u00e5 den stora m\u00e4ngden.\u00a0<\/p>\n<p>\u2013 Regeringen har tidigare f\u00e5tt kritik fr\u00e5n bland annat Lagr\u00e5det, som menar att lagf\u00f6rslagen tas fram f\u00f6r hastigt och att beredningskravet inte f\u00f6ljs. Enligt Eriksson riskerar politikerna att k\u00f6ra \u00f6ver expertisen.<\/p>\n<p>\u2013 Om man inte bryr sig om vad tj\u00e4nstem\u00e4n, experter och sakkunniga tycker, d\u00e5 tar politikerna \u00f6ver hela ansvaret. N\u00e4r man best\u00e4mmer sig f\u00f6r att bortse fr\u00e5n deras synpunkter \u2013 d\u00e5 \u00e4r det ett paradigmskifte, s\u00e4ger han i \u201dNyhetsmorgon\u201d.<\/p>\n<p>Straff ska dubblas vid g\u00e4ngkoppling<\/p>\n<p>P\u00e5 temat konsekvenser tar Eriksson upp att straff ska kunna dubblas om brottet har koppling till g\u00e4ngkriminalitet.<\/p>\n<p>\u2013 Ta ett enkelt exempel. En kriminell misshandlar en annan person, f\u00f6r det ska han ha ett \u00e5rs f\u00e4ngelse, \u00e4r det g\u00e4ngrelaterat blir det tv\u00e5 \u00e5r. Om han sen i vrede \u00e5ker hem och misshandlar sin fru, d\u00e5 blir det ett \u00e5rs f\u00e4ngelse, s\u00e4ger han och forts\u00e4tter:\u00a0<\/p>\n<p>\u2013 D\u00e5 blir det allts\u00e5 mer straffbart att sl\u00e5 en annan kriminell \u00e4n sin egen fru. Det tycker inte jag \u2013 och det tror jag inte att n\u00e5gon annan heller tycker.<\/p>\n<p>Tar aldrig tillbaka lagar<\/p>\n<p>Eriksson f\u00f6rst\u00e5r att regeringen k\u00e4nner sig pressad att agera, men varnar f\u00f6r tillf\u00e4lliga l\u00f6sningar.<\/p>\n<p>\u2013 Man kan inte pr\u00f6va lagstiftning p\u00e5 det s\u00e4ttet. Vi tar aldrig tillbaka lagar. Hela samh\u00e4llet blir ett experiment. S\u00e5 kan man inte ha det.<\/p>\n","protected":false},"excerpt":{"rendered":"Publicerad 13 dec 2025 kl 13.59 Lagar kopplade till g\u00e4ngkriminalitet stiftas f\u00f6r snabbt.\u00a0 Det anser Johan Eriksson, ordf\u00f6rande&hellip;\n","protected":false},"author":2,"featured_media":104675,"comment_status":"","ping_status":"","sticky":false,"template":"","format":"standard","meta":{"footnotes":""},"categories":[12],"tags":[22,23,26,27,17,21,24,25,28,29,15,16,43,11787,18,34,154,31,33,32,30,19,2057,20],"class_list":{"0":"post-104674","1":"post","2":"type-post","3":"status-publish","4":"format-standard","5":"has-post-thumbnail","7":"category-sverige","8":"tag-breaking-news","9":"tag-breakingnews","10":"tag-featured-news","11":"tag-featurednews","12":"tag-headlines","13":"tag-huvudnyheter","14":"tag-latest-news","15":"tag-latestnews","16":"tag-main-news","17":"tag-mainnews","18":"tag-news","19":"tag-nyheter","20":"tag-organization-regeringen","21":"tag-person-johan-eriksson","22":"tag-rubriker","23":"tag-se","24":"tag-sections-sverige","25":"tag-svenska","26":"tag-sverige","27":"tag-sweden","28":"tag-swedish","29":"tag-top-stories","30":"tag-topic-kriminalpolitik","31":"tag-topstories"},"share_on_mastodon":{"url":"https:\/\/pubeurope.com\/@se\/115712793302778404","error":""},"_links":{"self":[{"href":"https:\/\/www.europesays.com\/se\/wp-json\/wp\/v2\/posts\/104674","targetHints":{"allow":["GET"]}}],"collection":[{"href":"https:\/\/www.europesays.com\/se\/wp-json\/wp\/v2\/posts"}],"about":[{"href":"https:\/\/www.europesays.com\/se\/wp-json\/wp\/v2\/types\/post"}],"author":[{"embeddable":true,"href":"https:\/\/www.europesays.com\/se\/wp-json\/wp\/v2\/users\/2"}],"replies":[{"embeddable":true,"href":"https:\/\/www.europesays.com\/se\/wp-json\/wp\/v2\/comments?post=104674"}],"version-history":[{"count":0,"href":"https:\/\/www.europesays.com\/se\/wp-json\/wp\/v2\/posts\/104674\/revisions"}],"wp:featuredmedia":[{"embeddable":true,"href":"https:\/\/www.europesays.com\/se\/wp-json\/wp\/v2\/media\/104675"}],"wp:attachment":[{"href":"https:\/\/www.europesays.com\/se\/wp-json\/wp\/v2\/media?parent=104674"}],"wp:term":[{"taxonomy":"category","embeddable":true,"href":"https:\/\/www.europesays.com\/se\/wp-json\/wp\/v2\/categories?post=104674"},{"taxonomy":"post_tag","embeddable":true,"href":"https:\/\/www.europesays.com\/se\/wp-json\/wp\/v2\/tags?post=104674"}],"curies":[{"name":"wp","href":"https:\/\/api.w.org\/{rel}","templated":true}]}}