{"id":104704,"date":"2025-12-13T15:21:09","date_gmt":"2025-12-13T15:21:09","guid":{"rendered":"https:\/\/www.europesays.com\/se\/104704\/"},"modified":"2025-12-13T15:21:09","modified_gmt":"2025-12-13T15:21:09","slug":"redan-vid-den-riktiga-titeln-for-psycho-therapy-anar-jag-orad","status":"publish","type":"post","link":"https:\/\/www.europesays.com\/se\/104704\/","title":{"rendered":"Redan vid den riktiga titeln f\u00f6r Psycho therapy anar jag or\u00e5d"},"content":{"rendered":"<p>Publicerad 13 dec 2025 kl 16.00<\/p>\n<p>\u201dPsycho therapy\u201d b\u00f6rjar som en vass relationskomedi om en mansbebis och hans h\u00f6gpresterande fru. Men slutar i ett irriterande farsartat ingenting.<\/p>\n<p>Fr\u00e5gan \u00e4r om den ens kvalar in som f\u00e4rdig film.<\/p>\n<p><img   alt=\"\"\/>\u00d6ppna bild i helsk\u00e4rm<img loading=\"lazy\"   alt=\"\"\/><\/p>\n<p>Britt Lower i \u201dPsycho therapy\u201d.<\/p>\n<p>\u00d6ppna bild i helsk\u00e4rm<img loading=\"lazy\"   alt=\"\"\/>\u00d6ppna bild i helsk\u00e4rmS\u00e5 bra \u00e4r \u201dPsycho therapy\u201d<\/p>\n<p><strong>Genre:<\/strong> Thrillerkomedi (USA).<\/p>\n<p><strong>Av:<\/strong> Tolga Kara\u00e7elik.<\/p>\n<p><strong>Med:<\/strong> Steve Buscemi, John Magaro, Britt Lower.<\/p>\n<p><strong>L\u00e4ngd<\/strong>: 1:42.<\/p>\n<p><strong>Fr\u00e5n:<\/strong> 15 \u00e5r.<\/p>\n<p><strong>Premi\u00e4r:<\/strong> P\u00e5 bio 12\/12.<\/p>\n<p>Visa mer<\/p>\n<p>Bara titeln f\u00e5r mig i och f\u00f6r sig att b\u00f6rja ana or\u00e5d. \u201dPsycho therapy\u201d heter egentligen \u201dPsycho therapy: The shallow tale of a writer who decided to write about a serial killer.\u201d Det var ju kul. Eller inte. Men greppet rimmar \u00e4nd\u00e5 med huvudkarakt\u00e4rens uppbl\u00e5sta personlighet.\u00a0<\/p>\n<p>Keane (John Magaro) \u00e4r f\u00f6rfattaren som tror sig vara beundrad, men som i sj\u00e4lva verket \u00e4r s\u00e5 medioker att inte ens hans agent orkar l\u00e4sa hans b\u00f6cker. F\u00f6rl\u00e5t, bok. F\u00f6r efter att ha bel\u00f6nats med ett mindre pris f\u00f6r romanen \u201dSorgen p\u00e5 st\u00e4ppen\u201d, s\u00e5 har Keane knappt skrivit alls p\u00e5 fyra \u00e5r.\u00a0<\/p>\n<p>Han \u00e4ltar g\u00e4rna sin process, och pratar om id\u00e9n till en k\u00e4rlekshistoria mellan en homosapiens-kvinna och en neandertalarman i n\u00e5gon slovensk grotta 40 000 f Kr. Men d\u00e4r verkar allt stanna.\u00a0<\/p>\n<p>Hans fru Suzie (Britt Lower fr\u00e5n \u201dSeverance\u201d) har samtidigt fullt upp som framg\u00e5ngsrik inredningsarkitekt, och f\u00f6rh\u00e5llandets ofrivilliga projektledare. Det \u00e4r hon som l\u00e4mnats med alla beslut i deras tillvaro, medan Keane \u00e4r konstant initiativl\u00f6s. S\u00e5 full av sig sj\u00e4lv att han missat Suzies v\u00e4xande h\u00e5gl\u00f6shet, fram tills den kv\u00e4ll hon kr\u00e4ver skilsm\u00e4ssa.<\/p>\n<p><img loading=\"lazy\"   alt=\"\"\/><\/p>\n<p>Steve Buscemi och John Magaro i \u201dPsycho therapy.\u201d<\/p>\n<p>\u00d6ppna bild i helsk\u00e4rm<\/p>\n<p>I den r\u00f6riga vevan kliver Kolmick (Steve Buscemi) in i bilden.\u00a0<\/p>\n<p>Han \u00e4r en pensionerad seriem\u00f6rdare och ett fan av Keanes bok, som vill att Keane nu ska skriva n\u00e5got inspirerat av honom. Sj\u00e4lv vill Kolmick fungera som r\u00e5dgivare och l\u00e4ra den karakt\u00e4rssvage Keane allt han kan om r\u00e4ttsmedicin, f\u00f6rgiftningar och kidnappning.<\/p>\n<p>Ett uppl\u00e4gg som g\u00e5r snett samma stund som den berusade Keane bjuder hem den best\u00e4mde seriem\u00f6rdaren, varp\u00e5 hustrun Suzie misstar honom f\u00f6r en \u00e4ktenskapsr\u00e5dgivare.<\/p>\n<p>Ungef\u00e4r hit k\u00e4nns filmen kul lite som en krimkomedi av br\u00f6derna Coen.\u00a0<\/p>\n<p>New York-milj\u00f6erna \u00e4r som marinerade i asfalt och neon. Musiken \u00e4r \u201dThe white lotus\u201d-suggestiv, och Steve Buscemi passar givetvis i knarrig skinnjacka, mustasch och udda glas\u00f6gon.\u00a0<\/p>\n<p>Med tanke p\u00e5 hur mycket s\u00f6nderstressade kvinnor i medel\u00e5ldern brukar prata om sina icke ansvarstagande m\u00e4n, s\u00e5 finns h\u00e4r ocks\u00e5 potential f\u00f6r dramakomedi med fingret p\u00e5 parrelationens s\u00e5rigaste j\u00e4mst\u00e4lldhetsdilemman.<\/p>\n<p>Men nej. \u201dPsycho therapy\u201d dumpar allt bakom sig, f\u00f6r att i st\u00e4llet bli en fars av tr\u00f6ttsamma missf\u00f6rst\u00e5nd, klantiga kriminella, en stulen lama och sk\u00e4mt i h\u00f6jd med skrevet.\u00a0<\/p>\n<p>Pl\u00f6tsligt \u00e4r den \u201dDum &amp; dummare\u201d. Med den skillnaden att den gamla Jim Carrey-komedin \u00e4nd\u00e5 hade ett tillfredsst\u00e4llande slut i form av en svensktalande Anna Anka i bikini.\u00a0<\/p>\n<p>\u201dPsycho therapy\u201d slutar i st\u00e4llet i ett underkokt antiklimax.\u00a0<\/p>\n<p>N\u00e4stan som en spegling av hur filmens fiktive f\u00f6rfattare f\u00f6rs\u00f6ker maskera sin id\u00e9torka bakom m\u00e5ttligt \u00f6vertygande trams.<\/p>\n","protected":false},"excerpt":{"rendered":"Publicerad 13 dec 2025 kl 16.00 \u201dPsycho therapy\u201d b\u00f6rjar som en vass relationskomedi om en mansbebis och hans&hellip;\n","protected":false},"author":2,"featured_media":104705,"comment_status":"","ping_status":"","sticky":false,"template":"","format":"standard","meta":{"footnotes":""},"categories":[67],"tags":[104,34,770,31,33,32,30,105],"class_list":{"0":"post-104704","1":"post","2":"type-post","3":"status-publish","4":"format-standard","5":"has-post-thumbnail","7":"category-underhallning","8":"tag-entertainment","9":"tag-se","10":"tag-sections-film","11":"tag-svenska","12":"tag-sverige","13":"tag-sweden","14":"tag-swedish","15":"tag-underhallning"},"share_on_mastodon":{"url":"https:\/\/pubeurope.com\/@se\/115712942569299031","error":""},"_links":{"self":[{"href":"https:\/\/www.europesays.com\/se\/wp-json\/wp\/v2\/posts\/104704","targetHints":{"allow":["GET"]}}],"collection":[{"href":"https:\/\/www.europesays.com\/se\/wp-json\/wp\/v2\/posts"}],"about":[{"href":"https:\/\/www.europesays.com\/se\/wp-json\/wp\/v2\/types\/post"}],"author":[{"embeddable":true,"href":"https:\/\/www.europesays.com\/se\/wp-json\/wp\/v2\/users\/2"}],"replies":[{"embeddable":true,"href":"https:\/\/www.europesays.com\/se\/wp-json\/wp\/v2\/comments?post=104704"}],"version-history":[{"count":0,"href":"https:\/\/www.europesays.com\/se\/wp-json\/wp\/v2\/posts\/104704\/revisions"}],"wp:featuredmedia":[{"embeddable":true,"href":"https:\/\/www.europesays.com\/se\/wp-json\/wp\/v2\/media\/104705"}],"wp:attachment":[{"href":"https:\/\/www.europesays.com\/se\/wp-json\/wp\/v2\/media?parent=104704"}],"wp:term":[{"taxonomy":"category","embeddable":true,"href":"https:\/\/www.europesays.com\/se\/wp-json\/wp\/v2\/categories?post=104704"},{"taxonomy":"post_tag","embeddable":true,"href":"https:\/\/www.europesays.com\/se\/wp-json\/wp\/v2\/tags?post=104704"}],"curies":[{"name":"wp","href":"https:\/\/api.w.org\/{rel}","templated":true}]}}