{"id":104719,"date":"2025-12-13T15:58:19","date_gmt":"2025-12-13T15:58:19","guid":{"rendered":"https:\/\/www.europesays.com\/se\/104719\/"},"modified":"2025-12-13T15:58:19","modified_gmt":"2025-12-13T15:58:19","slug":"madromsbeskedet-korsbandet-av-hockeynews","status":"publish","type":"post","link":"https:\/\/www.europesays.com\/se\/104719\/","title":{"rendered":"Madr\u00f6msbeskedet \u2013 korsbandet av &#8211; HockeyNews"},"content":{"rendered":"<p>ANNONS<\/p>\n<p class=\"text-white text-sm mb-1\">Bevakningen presenteras av<\/p>\n<p><img alt=\"Coolbet\" loading=\"lazy\" width=\"130\" height=\"20\" decoding=\"async\" data-nimg=\"1\" class=\"mx-auto md:mx-0\" style=\"color:transparent\" src=\"https:\/\/hockeynews.se\/images\/logo_coolbet.svg\"\/>Spela ansvarsfullt. 18+. Villkor g\u00e4ller.<\/p>\n<p>S\u00f6dert\u00e4lje har drabbats av ett tungt avbr\u00e4ck. <\/p>\n<p>Forwarden M\u00e5ns Lindb\u00e4ck, som precis hade b\u00f6rjat hitta formen, f\u00e5r avsluta s\u00e4songen i f\u00f6rtid efter en korsbandsskada.<\/p>\n<p class=\"\">Det var i onsdagens m\u00f6te med \u00d6stersund som olyckan var framme. Efter bara tre minuters spel tvingades 29-\u00e5ringen l\u00e4mna isen, och nu bekr\u00e4ftar klubben att det r\u00f6r sig om en allvarlig kn\u00e4skada som inneb\u00e4r att s\u00e4songen \u00e4r \u00f6ver.<\/p>\n<p class=\"\">Lindb\u00e4ck v\u00e4rvades inf\u00f6r s\u00e4songen fr\u00e5n HV71 i vad som s\u00e5gs som ett prestigef\u00f6rv\u00e4rv f\u00f6r S\u00f6dert\u00e4lje. Starten blev dock tung, b\u00e5de f\u00f6r forwarden sj\u00e4lv och f\u00f6r laget som helhet. Men den senaste tiden har l\u00e4get b\u00f6rjat ljusna b\u00e5de f\u00f6r honom och laget \u2013\u00a0och d\u00e4rf\u00f6r kommer beskedet som ett riktigt dr\u00e5pslag. <\/p>\n<p class=\"\">\u2013 Det \u00e4r s\u00e5klart inte det besked vi ville ha. Mest synd \u00e4r det om M\u00e5ns, som krigade med rehab hela v\u00e5ren och som precis hade b\u00f6rjat hitta r\u00e4tt i spelet, s\u00e4ger sportchef Emil Georgsson i ett pressmeddelande p\u00e5 klubbens hemsida. <\/p>\n<p class=\"tweet-body_root__ChzUj\">Efter en incident i matchen mot \u00d6stersund har M\u00e5ns Lindb\u00e4cks skada nu unders\u00f6kts vidare. Tyv\u00e4rr st\u00e5r det klart att korsbandet \u00e4r av och s\u00e4songen \u00e4r d\u00e4rmed \u00f6ver.<\/p>\n<p>Vi \u00f6nskar M\u00e5ns b\u00e4sta m\u00f6jliga rehabilitering.\u2764\ufe0f<\/p>\n<p>\ud83d\udd17 <a href=\"https:\/\/www.sodertaljesk.se\/article\/eibat77-41461\/view\" class=\"tweet-link_root__4EzRS\" target=\"_blank\" rel=\"noopener noreferrer nofollow\">sodertaljesk.se\/article\/eibat7\u2026<\/a> <\/p>\n<p>Kommentarer TopprankadeSenaste\u00c4ldstaTrendar<\/p>\n<p>Skaffa PLUS f\u00f6r att kommentera<\/p>\n<p>Med en aktiv PLUS-prenumeration kan du kommentera, svara p\u00e5 andra och gilla kommentarer.<\/p>\n<p><a class=\"btn-primary btn-small\" href=\"https:\/\/hockeynews.se\/plus\" rel=\"nofollow noopener\" target=\"_blank\">Skaffa PLUS<\/a><\/p>\n<p><a class=\"text-yellow underline font-bold\" href=\"https:\/\/hockeynews.se\/plus\" rel=\"nofollow noopener\" target=\"_blank\">PLUS<\/a> &#8211; 1 m\u00e5nad gratis! (s\u00e4g upp n\u00e4r du vill)<\/p>\n<p>Halva priset p\u00e5 TV4 Play Sport Hockey \u2013 <a class=\"text-yellow underline\" href=\"https:\/\/www.tv4play.se\/kampanj\/hockeynewshockey\" rel=\"nofollow noopener\" target=\"_blank\">f\u00e5 kod med Hockeynews h\u00e4r!<\/a> (Annons)<\/p>\n<p><a class=\"text-yellow underline font-bold\" href=\"https:\/\/hockeynews.se\/app\" rel=\"nofollow noopener\" target=\"_blank\">H\u00e4mta Hockeynews app f\u00f6r iOS och Android<\/a> &#8211; gratis: nyheter, sp\u00e4nnande silly, unik inside, exklusiva intervjuer och matchrapporter fr\u00e5n alla ligor<\/p>\n","protected":false},"excerpt":{"rendered":"ANNONS Bevakningen presenteras av Spela ansvarsfullt. 18+. Villkor g\u00e4ller. S\u00f6dert\u00e4lje har drabbats av ett tungt avbr\u00e4ck. Forwarden M\u00e5ns&hellip;\n","protected":false},"author":2,"featured_media":104720,"comment_status":"","ping_status":"","sticky":false,"template":"","format":"standard","meta":{"footnotes":""},"categories":[5],"tags":[22,23,26,27,17,21,24,25,28,29,15,16,18,34,31,33,32,30,19,20],"class_list":{"0":"post-104719","1":"post","2":"type-post","3":"status-publish","4":"format-standard","5":"has-post-thumbnail","7":"category-rubriker","8":"tag-breaking-news","9":"tag-breakingnews","10":"tag-featured-news","11":"tag-featurednews","12":"tag-headlines","13":"tag-huvudnyheter","14":"tag-latest-news","15":"tag-latestnews","16":"tag-main-news","17":"tag-mainnews","18":"tag-news","19":"tag-nyheter","20":"tag-rubriker","21":"tag-se","22":"tag-svenska","23":"tag-sverige","24":"tag-sweden","25":"tag-swedish","26":"tag-top-stories","27":"tag-topstories"},"share_on_mastodon":{"url":"https:\/\/pubeurope.com\/@se\/115713088379453366","error":""},"_links":{"self":[{"href":"https:\/\/www.europesays.com\/se\/wp-json\/wp\/v2\/posts\/104719","targetHints":{"allow":["GET"]}}],"collection":[{"href":"https:\/\/www.europesays.com\/se\/wp-json\/wp\/v2\/posts"}],"about":[{"href":"https:\/\/www.europesays.com\/se\/wp-json\/wp\/v2\/types\/post"}],"author":[{"embeddable":true,"href":"https:\/\/www.europesays.com\/se\/wp-json\/wp\/v2\/users\/2"}],"replies":[{"embeddable":true,"href":"https:\/\/www.europesays.com\/se\/wp-json\/wp\/v2\/comments?post=104719"}],"version-history":[{"count":0,"href":"https:\/\/www.europesays.com\/se\/wp-json\/wp\/v2\/posts\/104719\/revisions"}],"wp:featuredmedia":[{"embeddable":true,"href":"https:\/\/www.europesays.com\/se\/wp-json\/wp\/v2\/media\/104720"}],"wp:attachment":[{"href":"https:\/\/www.europesays.com\/se\/wp-json\/wp\/v2\/media?parent=104719"}],"wp:term":[{"taxonomy":"category","embeddable":true,"href":"https:\/\/www.europesays.com\/se\/wp-json\/wp\/v2\/categories?post=104719"},{"taxonomy":"post_tag","embeddable":true,"href":"https:\/\/www.europesays.com\/se\/wp-json\/wp\/v2\/tags?post=104719"}],"curies":[{"name":"wp","href":"https:\/\/api.w.org\/{rel}","templated":true}]}}