{"id":104743,"date":"2025-12-13T16:46:16","date_gmt":"2025-12-13T16:46:16","guid":{"rendered":"https:\/\/www.europesays.com\/se\/104743\/"},"modified":"2025-12-13T16:46:16","modified_gmt":"2025-12-13T16:46:16","slug":"kristine-stavas-skistad-diskas","status":"publish","type":"post","link":"https:\/\/www.europesays.com\/se\/104743\/","title":{"rendered":"Kristine Stav\u00e5s Skistad diskas"},"content":{"rendered":"<p><img decoding=\"async\" class=\"image-asset hyperion-css-n6kkq1\" data-test-tag=\"image-asset\" src=\"https:\/\/www.europesays.com\/se\/wp-content\/uploads\/2025\/12\/1765644373_9_a4ff5eb2-1f2f-4f66-b6a5-9fa391183945\"  alt=\"\"  loading=\"lazy\" fetchpriority=\"auto\" style=\"aspect-ratio:1900 \/ 1900\"\/><img decoding=\"async\" class=\"image-asset hyperion-css-n6kkq1\" data-test-tag=\"image-asset\" src=\"https:\/\/www.europesays.com\/se\/wp-content\/uploads\/2025\/12\/1765644376_7_be766d86-0a01-427b-a374-88c037ad4655\"  alt=\"\"  loading=\"lazy\" fetchpriority=\"auto\" style=\"aspect-ratio:1900 \/ 1900\"\/><\/p>\n<p class=\"boxtextgrotesk-root_baa6 hyperion-css-1w346fg\">Uppdaterad 17.40 | Publicerad 17.22<\/p>\n<p>share-arrowDela<\/p>\n<p>unsaveSpara<\/p>\n<p>Lyssna p\u00e5 artikelnLyssna p\u00e5&#8230;<\/p>\n<p class=\"hyperion-css-1shl3oz\" data-test-tag=\"lead-text\">DAVOS. Kristine Stav\u00e5s Skistad missar finalen. <\/p>\n<p class=\"hyperion-css-1shl3oz\" data-test-tag=\"lead-text\">Norskan diskas. <\/p>\n<p class=\"hyperion-css-1shl3oz\" data-test-tag=\"lead-text\">\u2013 Oj, pl\u00f6tsligt h\u00e4nder det, s\u00e4ger Emma Ribom till Sportbladet. <\/p>\n<p class=\"hyperion-css-1v9qo5x\">Mardr\u00f6m f\u00f6r norrm\u00e4nnen. F\u00f6rst gick det inte v\u00e4gen f\u00f6r Johannes H\u00f6sflot Kl\u00e4bo \u2013 som var l\u00e4mnade m\u00e5lomr\u00e5det rasande. <\/p>\n<p class=\"hyperion-css-1v9qo5x\">Sedan puttade <a data-test-tag=\"internal-link\" href=\"https:\/\/www.aftonbladet.se\/tagg\/kristine-stavas-skistad\" class=\"hyperion-css-15jkft9\" rel=\"nofollow noopener\" target=\"\" aria-label=\"Kristine Stav\u00e5s Skistad\" theme=\"sportbladet\">Kristine Stav\u00e5s Skistad<\/a> till Nadine F\u00e4ndrich i den sista kurvan i sitt semifinal-heat, och tog sig f\u00f6rbi Linn Svahn. <\/p>\n<p class=\"hyperion-css-1v9qo5x\">Efter\u00e5t stod det klart norskan diskas obstruktion \u2013 trots att hon f\u00f6rst trott att hon tog sig till final.<\/p>\n<p class=\"hyperion-css-1v9qo5x\">Det innebar att Svahn tog sig till final i st\u00e4llet f\u00f6r Stav\u00e5s Skistad. <\/p>\n<p class=\"hyperion-css-1v9qo5x\">\u2013 Oj, pl\u00f6stligt h\u00e4nder det, s\u00e4ger Emma Ribom n\u00e4r hon f\u00e5r reda att Stav\u00e5s Skistad diskas. <\/p>\n<p class=\"hyperion-css-1v9qo5x\">Stav\u00e5s Skistad svarar p\u00e5 uttalandet: <\/p>\n<p class=\"hyperion-css-1v9qo5x\">\u2013 Hon f\u00e5r s\u00e4ga vad hon vill. <\/p>\n<p class=\"hyperion-css-1v9qo5x\"><strong>Tror du att svenskorna blir skadeglada? <\/strong><\/p>\n<p class=\"hyperion-css-1v9qo5x\">\u2013 Det blir de s\u00e4kert. <\/p>\n<p>Slogs ut i kvartsfinalen<\/p>\n<p class=\"hyperion-css-1v9qo5x\">Moa Ilar och Johanna Hagstr\u00f6m tog sig inte l\u00e4ngre \u00e4n kvartsfinalen, d\u00e4r de slogs ut.<\/p>\n<p class=\"hyperion-css-1v9qo5x\">\u2013 Det \u00e4r surt. Synd att det inte f\u00e5r flyta p\u00e5 helt, det var lite strul. Det k\u00e4nns som det hade r\u00e4ckt l\u00e5ngt, s\u00e4msta sprinten hittills. Det \u00e4r n\u00e4ra att jag ramlar, det var surt verkligen, s\u00e4ger Ilar till Sportbladet.<\/p>\n<p class=\"hyperion-css-1v9qo5x\">Emma Ribom fick se sig utslagen i semifinalen. <\/p>\n<p class=\"hyperion-css-1v9qo5x\">check<strong>Texten uppdateras.  <\/strong><\/p>\n","protected":false},"excerpt":{"rendered":"Uppdaterad 17.40 | Publicerad 17.22 share-arrowDela unsaveSpara Lyssna p\u00e5 artikelnLyssna p\u00e5&#8230; DAVOS. Kristine Stav\u00e5s Skistad missar finalen. Norskan&hellip;\n","protected":false},"author":2,"featured_media":104744,"comment_status":"","ping_status":"","sticky":false,"template":"","format":"standard","meta":{"footnotes":""},"categories":[5],"tags":[22,23,26,27,17,21,24,25,28,29,15,16,18,34,31,33,32,30,19,20],"class_list":{"0":"post-104743","1":"post","2":"type-post","3":"status-publish","4":"format-standard","5":"has-post-thumbnail","7":"category-rubriker","8":"tag-breaking-news","9":"tag-breakingnews","10":"tag-featured-news","11":"tag-featurednews","12":"tag-headlines","13":"tag-huvudnyheter","14":"tag-latest-news","15":"tag-latestnews","16":"tag-main-news","17":"tag-mainnews","18":"tag-news","19":"tag-nyheter","20":"tag-rubriker","21":"tag-se","22":"tag-svenska","23":"tag-sverige","24":"tag-sweden","25":"tag-swedish","26":"tag-top-stories","27":"tag-topstories"},"share_on_mastodon":{"url":"https:\/\/pubeurope.com\/@se\/115713277361959968","error":""},"_links":{"self":[{"href":"https:\/\/www.europesays.com\/se\/wp-json\/wp\/v2\/posts\/104743","targetHints":{"allow":["GET"]}}],"collection":[{"href":"https:\/\/www.europesays.com\/se\/wp-json\/wp\/v2\/posts"}],"about":[{"href":"https:\/\/www.europesays.com\/se\/wp-json\/wp\/v2\/types\/post"}],"author":[{"embeddable":true,"href":"https:\/\/www.europesays.com\/se\/wp-json\/wp\/v2\/users\/2"}],"replies":[{"embeddable":true,"href":"https:\/\/www.europesays.com\/se\/wp-json\/wp\/v2\/comments?post=104743"}],"version-history":[{"count":0,"href":"https:\/\/www.europesays.com\/se\/wp-json\/wp\/v2\/posts\/104743\/revisions"}],"wp:featuredmedia":[{"embeddable":true,"href":"https:\/\/www.europesays.com\/se\/wp-json\/wp\/v2\/media\/104744"}],"wp:attachment":[{"href":"https:\/\/www.europesays.com\/se\/wp-json\/wp\/v2\/media?parent=104743"}],"wp:term":[{"taxonomy":"category","embeddable":true,"href":"https:\/\/www.europesays.com\/se\/wp-json\/wp\/v2\/categories?post=104743"},{"taxonomy":"post_tag","embeddable":true,"href":"https:\/\/www.europesays.com\/se\/wp-json\/wp\/v2\/tags?post=104743"}],"curies":[{"name":"wp","href":"https:\/\/api.w.org\/{rel}","templated":true}]}}