{"id":104768,"date":"2025-12-13T17:10:13","date_gmt":"2025-12-13T17:10:13","guid":{"rendered":"https:\/\/www.europesays.com\/se\/104768\/"},"modified":"2025-12-13T17:10:13","modified_gmt":"2025-12-13T17:10:13","slug":"smhi-varnar-for-plotslig-ishalka-och-snofall-i-umea","status":"publish","type":"post","link":"https:\/\/www.europesays.com\/se\/104768\/","title":{"rendered":"SMHI varnar f\u00f6r pl\u00f6tslig ishalka och sn\u00f6fall i Ume\u00e5"},"content":{"rendered":"<p>Det v\u00e4ntas bli st\u00f6kigt i trafiken i de s\u00f6dra delarna av V\u00e4sterbotten under eftermiddagen och kv\u00e4llen. SMHI har utf\u00e4rdat tv\u00e5 gula v\u00e4dervarningar, en f\u00f6r pl\u00f6tslig ishalka och en f\u00f6r kraftigt sn\u00f6fall, i trakterna kring Ume\u00e5. <\/p>\n<p>\u201dDet kan vara sv\u00e5rt att ta sig fram i trafiken p\u00e5 grund av sn\u00f6 p\u00e5 v\u00e4gar, trafikolyckor eller stillast\u00e5ende fordon\u201d, skriver SMHI med anledning av sn\u00f6fallet. <\/p>\n<p>Varningen f\u00f6r ishalka g\u00e4ller \u00e4ven under s\u00f6ndagsmorgonen. <\/p>\n<p>Omni \u00e4r politiskt obundna och oberoende. Vi str\u00e4var efter att ge fler perspektiv p\u00e5 nyheterna. Har du fr\u00e5gor eller synpunkter kring v\u00e5r rapportering? <a href=\"https:\/\/omni.se\/smhi-varnar-for-plotslig-ishalka-och-snofall-i-umea\/a\/mailto:redaktion@omni.se\" class=\"ArticleActions_contactLink__W2F1M\" rel=\"nofollow noopener\" target=\"_blank\">Kontakta redaktionen<\/a><\/p>\n","protected":false},"excerpt":{"rendered":"Det v\u00e4ntas bli st\u00f6kigt i trafiken i de s\u00f6dra delarna av V\u00e4sterbotten under eftermiddagen och kv\u00e4llen. SMHI har&hellip;\n","protected":false},"author":2,"featured_media":104769,"comment_status":"","ping_status":"","sticky":false,"template":"","format":"standard","meta":{"footnotes":""},"categories":[5],"tags":[22,23,26,27,17,21,24,25,28,29,15,16,18,34,842,31,33,32,30,19,20,5386,693,840],"class_list":{"0":"post-104768","1":"post","2":"type-post","3":"status-publish","4":"format-standard","5":"has-post-thumbnail","7":"category-rubriker","8":"tag-breaking-news","9":"tag-breakingnews","10":"tag-featured-news","11":"tag-featurednews","12":"tag-headlines","13":"tag-huvudnyheter","14":"tag-latest-news","15":"tag-latestnews","16":"tag-main-news","17":"tag-mainnews","18":"tag-news","19":"tag-nyheter","20":"tag-rubriker","21":"tag-se","22":"tag-smhi","23":"tag-svenska","24":"tag-sverige","25":"tag-sweden","26":"tag-swedish","27":"tag-top-stories","28":"tag-topstories","29":"tag-umea","30":"tag-vader","31":"tag-vasterbottens-lan"},"share_on_mastodon":{"url":"https:\/\/pubeurope.com\/@se\/115713371228329840","error":""},"_links":{"self":[{"href":"https:\/\/www.europesays.com\/se\/wp-json\/wp\/v2\/posts\/104768","targetHints":{"allow":["GET"]}}],"collection":[{"href":"https:\/\/www.europesays.com\/se\/wp-json\/wp\/v2\/posts"}],"about":[{"href":"https:\/\/www.europesays.com\/se\/wp-json\/wp\/v2\/types\/post"}],"author":[{"embeddable":true,"href":"https:\/\/www.europesays.com\/se\/wp-json\/wp\/v2\/users\/2"}],"replies":[{"embeddable":true,"href":"https:\/\/www.europesays.com\/se\/wp-json\/wp\/v2\/comments?post=104768"}],"version-history":[{"count":0,"href":"https:\/\/www.europesays.com\/se\/wp-json\/wp\/v2\/posts\/104768\/revisions"}],"wp:featuredmedia":[{"embeddable":true,"href":"https:\/\/www.europesays.com\/se\/wp-json\/wp\/v2\/media\/104769"}],"wp:attachment":[{"href":"https:\/\/www.europesays.com\/se\/wp-json\/wp\/v2\/media?parent=104768"}],"wp:term":[{"taxonomy":"category","embeddable":true,"href":"https:\/\/www.europesays.com\/se\/wp-json\/wp\/v2\/categories?post=104768"},{"taxonomy":"post_tag","embeddable":true,"href":"https:\/\/www.europesays.com\/se\/wp-json\/wp\/v2\/tags?post=104768"}],"curies":[{"name":"wp","href":"https:\/\/api.w.org\/{rel}","templated":true}]}}