{"id":104778,"date":"2025-12-13T17:26:10","date_gmt":"2025-12-13T17:26:10","guid":{"rendered":"https:\/\/www.europesays.com\/se\/104778\/"},"modified":"2025-12-13T17:26:10","modified_gmt":"2025-12-13T17:26:10","slug":"sundling-vinner-sprinten-i-davos-efter-stort-drama","status":"publish","type":"post","link":"https:\/\/www.europesays.com\/se\/104778\/","title":{"rendered":"Sundling vinner sprinten i Davos efter stort drama"},"content":{"rendered":"<p>Det blev ytterligare en lyckad eftermiddag i Davos f\u00f6r de svenska l\u00e4ngdskid\u00e5karna p\u00e5 damsidan. Jonna Sundling stod f\u00f6r en imponerande insats och lyckades vinna. Detta trots att norskan Mathilde Myhrvold var n\u00e4ra att knipa segern p\u00e5 upploppet. <\/p>\n<p>Det \u00e4r Sundlings andra seger den h\u00e4r s\u00e4songen. <\/p>\n<p>\u2013 Det var verkligen en bra dag f\u00f6r mig. Jag hade bra energi och k\u00e4nde att jag kunde \u00e5ka snabbt fr\u00e5n b\u00f6rjan h\u00e4r i finalen, s\u00e4ger hon efter loppet. <\/p>\n<p>Maja Dahlqvist och Linn Svahn slutade fyra respektive femma i finalen. Linn Svahn fick en plats i finalen efter att den norska stj\u00e4rnan Kristine Stav\u00e5s Skistad blivit diskad i semifinalen. <\/p>\n<p>Omni \u00e4r politiskt obundna och oberoende. Vi str\u00e4var efter att ge fler perspektiv p\u00e5 nyheterna. Har du fr\u00e5gor eller synpunkter kring v\u00e5r rapportering? <a href=\"https:\/\/omni.se\/sundling-vinner-sprinten-efter-stort-drama\/a\/mailto:redaktion@omni.se\" class=\"ArticleActions_contactLink__W2F1M\" rel=\"nofollow noopener\" target=\"_blank\">Kontakta redaktionen<\/a><\/p>\n","protected":false},"excerpt":{"rendered":"Det blev ytterligare en lyckad eftermiddag i Davos f\u00f6r de svenska l\u00e4ngdskid\u00e5karna p\u00e5 damsidan. Jonna Sundling stod f\u00f6r&hellip;\n","protected":false},"author":2,"featured_media":104779,"comment_status":"","ping_status":"","sticky":false,"template":"","format":"standard","meta":{"footnotes":""},"categories":[5],"tags":[22,23,26,27,17,21,9686,10788,3237,24,25,9261,28,29,9352,15,16,18,34,31,33,32,30,19,20],"class_list":{"0":"post-104778","1":"post","2":"type-post","3":"status-publish","4":"format-standard","5":"has-post-thumbnail","7":"category-rubriker","8":"tag-breaking-news","9":"tag-breakingnews","10":"tag-featured-news","11":"tag-featurednews","12":"tag-headlines","13":"tag-huvudnyheter","14":"tag-jonna-sundling","15":"tag-kristine-stavas-skistad","16":"tag-langdskidor","17":"tag-latest-news","18":"tag-latestnews","19":"tag-linn-svahn","20":"tag-main-news","21":"tag-mainnews","22":"tag-maja-dahlqvist","23":"tag-news","24":"tag-nyheter","25":"tag-rubriker","26":"tag-se","27":"tag-svenska","28":"tag-sverige","29":"tag-sweden","30":"tag-swedish","31":"tag-top-stories","32":"tag-topstories"},"share_on_mastodon":{"url":"https:\/\/pubeurope.com\/@se\/115713434122688573","error":""},"_links":{"self":[{"href":"https:\/\/www.europesays.com\/se\/wp-json\/wp\/v2\/posts\/104778","targetHints":{"allow":["GET"]}}],"collection":[{"href":"https:\/\/www.europesays.com\/se\/wp-json\/wp\/v2\/posts"}],"about":[{"href":"https:\/\/www.europesays.com\/se\/wp-json\/wp\/v2\/types\/post"}],"author":[{"embeddable":true,"href":"https:\/\/www.europesays.com\/se\/wp-json\/wp\/v2\/users\/2"}],"replies":[{"embeddable":true,"href":"https:\/\/www.europesays.com\/se\/wp-json\/wp\/v2\/comments?post=104778"}],"version-history":[{"count":0,"href":"https:\/\/www.europesays.com\/se\/wp-json\/wp\/v2\/posts\/104778\/revisions"}],"wp:featuredmedia":[{"embeddable":true,"href":"https:\/\/www.europesays.com\/se\/wp-json\/wp\/v2\/media\/104779"}],"wp:attachment":[{"href":"https:\/\/www.europesays.com\/se\/wp-json\/wp\/v2\/media?parent=104778"}],"wp:term":[{"taxonomy":"category","embeddable":true,"href":"https:\/\/www.europesays.com\/se\/wp-json\/wp\/v2\/categories?post=104778"},{"taxonomy":"post_tag","embeddable":true,"href":"https:\/\/www.europesays.com\/se\/wp-json\/wp\/v2\/tags?post=104778"}],"curies":[{"name":"wp","href":"https:\/\/api.w.org\/{rel}","templated":true}]}}