{"id":104798,"date":"2025-12-13T17:51:58","date_gmt":"2025-12-13T17:51:58","guid":{"rendered":"https:\/\/www.europesays.com\/se\/104798\/"},"modified":"2025-12-13T17:51:58","modified_gmt":"2025-12-13T17:51:58","slug":"skolverket-oppnardorren-for-fuskare-linnea-lindquist","status":"publish","type":"post","link":"https:\/\/www.europesays.com\/se\/104798\/","title":{"rendered":"Skolverket \u00f6ppnar\nd\u00f6rren f\u00f6r fuskare | Linnea Lindquist"},"content":{"rendered":"<p>Linnea Lindquist<\/p>\n<p>Publicerad 12 dec 2025 kl 18.00<\/p>\n<p>\u00c4r det kr\u00e4nkande att f\u00f6r\u00e4ldrar kan se om l\u00e4raren \u00e4r beh\u00f6rig? Det tycker Skolverket.\u00a0<\/p>\n<p>Det \u00e4r fullkomligt absurt.<\/p>\n<p><img   alt=\"\"\/><\/p>\n<p>\u00c4r l\u00e4rarna p\u00e5 dina barns skola beh\u00f6riga? Det syns inte l\u00e4ngre i statistiken.<\/p>\n<p>Foto: Mike_shots \/ Shutterstock<\/p>\n<p>\u00d6ppna bild i helsk\u00e4rm<img loading=\"lazy\"   alt=\"\"\/><\/p>\n<p>Statistiken \u00f6ver beh\u00f6riga l\u00e4rare i \u00e4mnet bild visar bara en l\u00e5ng rad prickar.<\/p>\n<p>Foto: Sk\u00e4rmdump<\/p>\n<p>\u00d6ppna bild i helsk\u00e4rm<img loading=\"lazy\"   alt=\"\"\/><\/p>\n<p>Skolverkets nya tolkning av sekretessregler hindrar granskning.<\/p>\n<p>Foto: Christine Olsson \/ TT NYHETSBYR\u00c5N<\/p>\n<p>\u00d6ppna bild i helsk\u00e4rm<\/p>\n<p>Detta \u00e4r en text av en frist\u00e5ende ledarkolumnist. Expressens politiska h\u00e5llning \u00e4r liberal.<\/p>\n<p><img   alt=\"\"\/>Linnea Lindquist<\/p>\n<p>Skolverket har pl\u00f6tsligt beslutat att begr\u00e4nsa statistiken \u00f6ver l\u00e4rarbeh\u00f6righeter. P\u00e5 skolor d\u00e4r det \u00e4r f\u00e4rre \u00e4n tre heltidstj\u00e4nster i ett \u00e4mne maskas uppgiften med tv\u00e5 prickar.\u00a0<\/p>\n<p><strong>Eftersom m\u00e5nga skolor \u00e4r sm\u00e5 blir konsekvensen att stora delar av statistiken f\u00f6rsvinner \u2013 s\u00e4rskilt i \u00e4mnen som bild, musik, sl\u00f6jd och idrott, d\u00e4r det ofta bara finns en l\u00e4rare. Det \u00e4r \u00e4mnen som inte har nationella prov, och d\u00e4rmed \u00e4r de l\u00e4ttare att fuska i.\u00a0<\/strong><\/p>\n<p>P\u00e5 J\u00f6nsbergska idrottsskolan i <a href=\"https:\/\/www.expressen.se\/tagg\/location\/norrkoping\/\" class=\"\" rel=\"nofollow noopener\" target=\"_blank\">Norrk\u00f6ping<\/a> fick till exempel alla flickor A, allts\u00e5 h\u00f6gsta betyg, i sl\u00f6jd \u2013 samtidigt som det inte g\u00e5r att se om skolan har n\u00e5gon beh\u00f6rig sl\u00f6jdl\u00e4rare. I statistikfilen syns bara prickar.<\/p>\n<p>Skolverket motiverar beslutet med sekretessregler och att man vill skydda enskilda l\u00e4rares integritet. Men det argumentet \u00e4r helt obegripligt. L\u00e4rarlegitimationer \u00e4r offentliga handlingar som finns tillg\u00e4ngliga i Skolverkets registerfunktion, och i kommunal verksamhet g\u00e4ller offentlighetsprincipen. Skolverket menar allts\u00e5 att enskilda l\u00e4rare kan lida men om \u00e4mnets beh\u00f6righet syns i statistiken. Resultatet blir att f\u00f6r\u00e4ldrar inte kan ta reda p\u00e5 hur l\u00e4rarbeh\u00f6righeten ser ut i skolorna de ska v\u00e4lja mellan.\u00a0<\/p>\n<p><strong>Varf\u00f6r tror Skolverket att l\u00e4rare blir kr\u00e4nkta \u00f6ver att beh\u00f6righeten i det \u00e4mne de undervisar i redovisas i Skolverkets offentliga databas?\u00a0<\/strong><\/p>\n<p>Myndigheten p\u00e5st\u00e5r att maskningen bara ber\u00f6r en minoritet av skolorna. Det st\u00e4mmer inte p\u00e5 l\u00e5nga v\u00e4gar. Under l\u00e4s\u00e5ret 2024\/25 hade \u00f6ver h\u00e4lften av landets skolor f\u00e4rre \u00e4n 200 elever. Skolor med s\u00e5 f\u00e5 elever har s\u00e4llan mer \u00e4n tre heltidsanst\u00e4llda l\u00e4rare i ett \u00e4mne. Nu kan vi inte l\u00e4ngre se hur h\u00f6g andel beh\u00f6riga l\u00e4rare i matematik det finns i Borgholm, eller hur m\u00e5nga beh\u00f6riga fysikl\u00e4rare det finns i Falun.\u00a0<\/p>\n<blockquote><p>Stora delar av statistiken g\u00e5r inte l\u00e4ngre att anv\u00e4nda. Det f\u00f6rsv\u00e5rar b\u00e5de granskning och forskning, samtidigt som f\u00f6r\u00e4ldrarnas m\u00f6jlighet att g\u00f6ra ett informerat skolval kraftigt begr\u00e4nsas.<\/p><\/blockquote>\n<p>Tidningen Vi L\u00e4rare har g\u00e5tt igenom statistiken och uppt\u00e4ckte sekretessmarkeringar i 55 procent av alla grundskolor. Uppdelat p\u00e5 \u00e4mnen var 51 procent av skolorna maskade i \u00e4mnet svenska och 92 procent i \u00e4mnet engelska \u2013 tv\u00e5 \u00e4mnen som eleverna m\u00e5ste ha godk\u00e4nt i f\u00f6r att f\u00e5 gymnasiebeh\u00f6righet.\u00a0<\/p>\n<p>Tidigare i \u00e5r presenterade Skolverket sin prognos p\u00e5 tillg\u00e5ngen p\u00e5 beh\u00f6riga l\u00e4rare. Den visar att Sverige st\u00e5r inf\u00f6r en l\u00e4rarbrist p\u00e5 drygt 10 000 l\u00e4rare 2038. Redan i dag \u00e4r cirka 27 procent av l\u00e4rarna i skolan obeh\u00f6riga. Det inneb\u00e4r att m\u00e5nga elever undervisas av \u201dl\u00e4rare\u201d som saknar r\u00e4tt utbildning.\u00a0<\/p>\n<p>I kommunala grundskolor \u00e4r 73 procent av l\u00e4rarna legitimerade, medan andelen i friskolor \u00e4r 67 procent. P\u00e5 skolniv\u00e5 kan skillnaderna vara \u00e4nnu st\u00f6rre och l\u00e4gst \u00e4r beh\u00f6righeten i glesbygd. Ingen f\u00f6r\u00e4lder vill att barnen ska undervisas av personal som saknar utbildning, d\u00e4rf\u00f6r \u00e4r l\u00e4rarbeh\u00f6righeten en viktig parameter n\u00e4r f\u00f6r\u00e4ldrar ska \u00f6nska skolor.<\/p>\n<p><strong>Konsekvenserna av det h\u00e4r beslutet allvarliga. Stora delar av statistiken g\u00e5r inte l\u00e4ngre att anv\u00e4nda. Det f\u00f6rsv\u00e5rar b\u00e5de granskning och forskning, samtidigt som f\u00f6r\u00e4ldrarnas m\u00f6jlighet att g\u00f6ra ett informerat skolval kraftigt begr\u00e4nsas.<\/strong><\/p>\n<p>Annons<\/p>\n<p>Friskolor f\u00e5r skolpeng som baseras p\u00e5 kommunens snitt f\u00f6r beh\u00f6riga l\u00e4rare. Om en friskola har l\u00e4gre andel beh\u00f6riga l\u00e4rare \u00e4n de kommunala f\u00e5r de betalt f\u00f6r n\u00e5got de inte har. Tidigare har varit enkelt att granska med en s\u00f6kning i Skolverkets databas, men nu g\u00e5r det allts\u00e5 inte l\u00e4ngre. Man kan beg\u00e4ra ut handlingar men d\u00e5 sekretesspr\u00f6vas de. De enda som vinner p\u00e5 detta \u00e4r friskole\u00e4gare som vill maximera \u00f6verskottet.<\/p>\n<p>Eftersom ministerstyre \u00e4r f\u00f6rbjudet kan inte Simona Mohamsson ta Skolverkets direkt\u00f6r i \u00f6rat. Det regeringen kan, och m\u00e5ste, g\u00f6ra \u00e4r att inf\u00f6ra offentlighetsprincipen \u00e4ven f\u00f6r friskolor och i samma veva tydligt reglera hur offentlig statistik \u00f6ver skolv\u00e4sendet ska redovisas.<\/p>\n<p><strong>Politiker talar sig varma om valfrihet. Men vad \u00e4r den v\u00e4rd om f\u00f6r\u00e4ldrar inte ens kan ta reda p\u00e5 om det \u00e4r en beh\u00f6rig l\u00e4rare som undervisar deras barn?\u00a0<\/strong><\/p>\n<p>Linnea Lindquist \u00e4r frist\u00e5ende kolumnist p\u00e5 Expressens ledarsida. Till vardags jobbar hon som skolledare i ett s\u00e4rskilt utsatt omr\u00e5de. L\u00e4s fler av hennes texter <a href=\"https:\/\/www.expressen.se\/av\/linnea-lindquist\/\" rel=\"nofollow noopener\" target=\"_blank\">h\u00e4r<\/a>.<\/p>\n<p><strong>L\u00c4S MER: <\/strong><a href=\"https:\/\/www.expressen.se\/ledare\/linnea-lindquist\/lognen-340-000--elever-blir-utan-skola\/\" class=\"\" rel=\"nofollow noopener\" target=\"_blank\">L\u00f6gnen: 340 000  elever blir utan skola<\/a><strong>L\u00c4S MER: <\/strong><a href=\"https:\/\/www.expressen.se\/ledare\/linnea-lindquist\/nar-barnen-blir-farre-maste-smaskolor-bort\/\" class=\"\" rel=\"nofollow noopener\" target=\"_blank\">N\u00e4r barnen blir f\u00e4rre m\u00e5ste sm\u00e5skolor bort<\/a><\/p>\n","protected":false},"excerpt":{"rendered":"Linnea Lindquist Publicerad 12 dec 2025 kl 18.00 \u00c4r det kr\u00e4nkande att f\u00f6r\u00e4ldrar kan se om l\u00e4raren \u00e4r&hellip;\n","protected":false},"author":2,"featured_media":104799,"comment_status":"","ping_status":"","sticky":false,"template":"","format":"standard","meta":{"footnotes":""},"categories":[12],"tags":[22,23,26,27,17,21,24,25,11789,6321,932,28,29,15,16,11790,650,18,34,2949,31,33,32,30,19,652,20],"class_list":{"0":"post-104798","1":"post","2":"type-post","3":"status-publish","4":"format-standard","5":"has-post-thumbnail","7":"category-sverige","8":"tag-breaking-news","9":"tag-breakingnews","10":"tag-featured-news","11":"tag-featurednews","12":"tag-headlines","13":"tag-huvudnyheter","14":"tag-latest-news","15":"tag-latestnews","16":"tag-location-borgholm","17":"tag-location-falun","18":"tag-location-norrkoping","19":"tag-main-news","20":"tag-mainnews","21":"tag-news","22":"tag-nyheter","23":"tag-organization-skolverket","24":"tag-person-simona-mohamsson","25":"tag-rubriker","26":"tag-se","27":"tag-sections-linnea-lindquist","28":"tag-svenska","29":"tag-sverige","30":"tag-sweden","31":"tag-swedish","32":"tag-top-stories","33":"tag-topic-skola-utbildning","34":"tag-topstories"},"share_on_mastodon":{"url":"https:\/\/pubeurope.com\/@se\/115713536499260556","error":""},"_links":{"self":[{"href":"https:\/\/www.europesays.com\/se\/wp-json\/wp\/v2\/posts\/104798","targetHints":{"allow":["GET"]}}],"collection":[{"href":"https:\/\/www.europesays.com\/se\/wp-json\/wp\/v2\/posts"}],"about":[{"href":"https:\/\/www.europesays.com\/se\/wp-json\/wp\/v2\/types\/post"}],"author":[{"embeddable":true,"href":"https:\/\/www.europesays.com\/se\/wp-json\/wp\/v2\/users\/2"}],"replies":[{"embeddable":true,"href":"https:\/\/www.europesays.com\/se\/wp-json\/wp\/v2\/comments?post=104798"}],"version-history":[{"count":0,"href":"https:\/\/www.europesays.com\/se\/wp-json\/wp\/v2\/posts\/104798\/revisions"}],"wp:featuredmedia":[{"embeddable":true,"href":"https:\/\/www.europesays.com\/se\/wp-json\/wp\/v2\/media\/104799"}],"wp:attachment":[{"href":"https:\/\/www.europesays.com\/se\/wp-json\/wp\/v2\/media?parent=104798"}],"wp:term":[{"taxonomy":"category","embeddable":true,"href":"https:\/\/www.europesays.com\/se\/wp-json\/wp\/v2\/categories?post=104798"},{"taxonomy":"post_tag","embeddable":true,"href":"https:\/\/www.europesays.com\/se\/wp-json\/wp\/v2\/tags?post=104798"}],"curies":[{"name":"wp","href":"https:\/\/api.w.org\/{rel}","templated":true}]}}