{"id":104806,"date":"2025-12-13T18:05:13","date_gmt":"2025-12-13T18:05:13","guid":{"rendered":"https:\/\/www.europesays.com\/se\/104806\/"},"modified":"2025-12-13T18:05:13","modified_gmt":"2025-12-13T18:05:13","slug":"skottlossning-i-alby-en-person-traffad","status":"publish","type":"post","link":"https:\/\/www.europesays.com\/se\/104806\/","title":{"rendered":"Skottlossning i Alby \u2013 en person tr\u00e4ffad"},"content":{"rendered":"<p class=\"sc-c25743f0-0 sc-e37c0145-2 hObFds DQgPn\"><strong>I Alby s\u00f6der om Stockholm har tv\u00e5 personer blivit beskjutna, en av dem har tr\u00e4ffats.<br \/>Polisens presstalesperson Daniel Wikdahl s\u00e4ger att det r\u00f6r sig om en man och en kvinna. Mannen ska ha blivit tr\u00e4ffad av skott och kommer att f\u00f6ras till sjukhus. <\/strong><\/p>\n<p class=\"sc-c25743f0-0 sc-e37c0145-2 hObFds DQgPn\">Den misst\u00e4nkta g\u00e4rningspersonen har gripits och f\u00f6rts till sjukhus. <\/p>\n<p class=\"sc-c25743f0-0 sc-e37c0145-2 hObFds DQgPn\">\u2013 Den h\u00e4r personen som skjuter mot dem hinner inte l\u00e4mna platsen innan vi \u00e4r d\u00e4r och kan gripa honom. \u00c4ven han har skador, s\u00e5 b\u00e5de misst\u00e4nkt g\u00e4rningsman och en av m\u00e5ls\u00e4gande kommer att f\u00f6ras till sjukhus med ambulans, s\u00e4ger han. <\/p>\n<p class=\"sc-c25743f0-0 sc-e37c0145-2 hObFds DQgPn\">Skadel\u00e4get f\u00f6r b\u00e5da tv\u00e5 \u00e4r oklart, men de uppges vara vakna och talbara. Kvinnan uppges inte vara i behov av sjukhusv\u00e5rd men ska f\u00f6lja med till f\u00f6rh\u00f6r. <\/p>\n<p class=\"sc-c25743f0-0 sc-e37c0145-2 hObFds DQgPn\">Polisen larmades om skjutningen klockan 14.22 p\u00e5 l\u00f6rdagen, och h\u00e4ndelsen har \u00e4gt rum kring ett trapphus. Det \u00e4r i nul\u00e4get oklart om det har skett inomhus eller utomhus, enligt Daniel Wikdahl. <\/p>\n<p class=\"sc-c25743f0-0 sc-e37c0145-2 hObFds DQgPn\">\u2013 Det \u00e4r vid en port och ett trapphus, det \u00e4r det jag kan s\u00e4ga, s\u00e4ger han.<\/p>\n","protected":false},"excerpt":{"rendered":"I Alby s\u00f6der om Stockholm har tv\u00e5 personer blivit beskjutna, en av dem har tr\u00e4ffats.Polisens presstalesperson Daniel Wikdahl&hellip;\n","protected":false},"author":2,"featured_media":104807,"comment_status":"","ping_status":"","sticky":false,"template":"","format":"standard","meta":{"footnotes":""},"categories":[5],"tags":[22,23,26,27,17,21,24,25,28,29,15,16,18,34,31,33,32,30,19,20],"class_list":{"0":"post-104806","1":"post","2":"type-post","3":"status-publish","4":"format-standard","5":"has-post-thumbnail","7":"category-rubriker","8":"tag-breaking-news","9":"tag-breakingnews","10":"tag-featured-news","11":"tag-featurednews","12":"tag-headlines","13":"tag-huvudnyheter","14":"tag-latest-news","15":"tag-latestnews","16":"tag-main-news","17":"tag-mainnews","18":"tag-news","19":"tag-nyheter","20":"tag-rubriker","21":"tag-se","22":"tag-svenska","23":"tag-sverige","24":"tag-sweden","25":"tag-swedish","26":"tag-top-stories","27":"tag-topstories"},"share_on_mastodon":{"url":"https:\/\/pubeurope.com\/@se\/115713587608158325","error":""},"_links":{"self":[{"href":"https:\/\/www.europesays.com\/se\/wp-json\/wp\/v2\/posts\/104806","targetHints":{"allow":["GET"]}}],"collection":[{"href":"https:\/\/www.europesays.com\/se\/wp-json\/wp\/v2\/posts"}],"about":[{"href":"https:\/\/www.europesays.com\/se\/wp-json\/wp\/v2\/types\/post"}],"author":[{"embeddable":true,"href":"https:\/\/www.europesays.com\/se\/wp-json\/wp\/v2\/users\/2"}],"replies":[{"embeddable":true,"href":"https:\/\/www.europesays.com\/se\/wp-json\/wp\/v2\/comments?post=104806"}],"version-history":[{"count":0,"href":"https:\/\/www.europesays.com\/se\/wp-json\/wp\/v2\/posts\/104806\/revisions"}],"wp:featuredmedia":[{"embeddable":true,"href":"https:\/\/www.europesays.com\/se\/wp-json\/wp\/v2\/media\/104807"}],"wp:attachment":[{"href":"https:\/\/www.europesays.com\/se\/wp-json\/wp\/v2\/media?parent=104806"}],"wp:term":[{"taxonomy":"category","embeddable":true,"href":"https:\/\/www.europesays.com\/se\/wp-json\/wp\/v2\/categories?post=104806"},{"taxonomy":"post_tag","embeddable":true,"href":"https:\/\/www.europesays.com\/se\/wp-json\/wp\/v2\/tags?post=104806"}],"curies":[{"name":"wp","href":"https:\/\/api.w.org\/{rel}","templated":true}]}}