{"id":104818,"date":"2025-12-13T18:13:23","date_gmt":"2025-12-13T18:13:23","guid":{"rendered":"https:\/\/www.europesays.com\/se\/104818\/"},"modified":"2025-12-13T18:13:23","modified_gmt":"2025-12-13T18:13:23","slug":"fotboll-liverpool-slog-brighton-mohamed-salah-inbytt-efter-braket","status":"publish","type":"post","link":"https:\/\/www.europesays.com\/se\/104818\/","title":{"rendered":"Fotboll: Liverpool slog Brighton \u2013 Mohamed Salah inbytt efter br\u00e5ket"},"content":{"rendered":"<p>Det var i den 26:e minuten som h\u00f6gerbacken Joe Gomez satte sig ned p\u00e5 planen och inte kunde spela vidare i Liverpools m\u00f6te med Brighton.<\/p>\n<p>D\u00e5 valde Arne Slot att skicka in klubbens stora stj\u00e4rna Mohamed Salah. Comeback i laget d\u00e4rmed f\u00f6r egyptiern efter f\u00f6rra helgens stora utspel mot Liverpool.<\/p>\n<p>\u2013 Jag \u00e4r oerh\u00f6rt besviken. Jag har gjort s\u00e5 mycket f\u00f6r den h\u00e4r klubben. Det vet alla om, och speciellt f\u00f6rra s\u00e4songen, s\u00e5 att jag blir b\u00e4nkad&#8230; Jag vet inte varf\u00f6r, sa <a href=\"https:\/\/www.svt.se\/sport\/fotboll\/mohamed-salahs-stenharda-sagning-av-liverpool-kastar-mig-under-bussen\" rel=\"nofollow noopener\" target=\"_blank\">han bland annat<\/a>.<\/p>\n<p>R\u00f6kte fredspipa<\/p>\n<p>Men under fredagen ska Slot och Salah <a href=\"https:\/\/www.svt.se\/sport\/fotboll\/salah-tillbaka-i-liverpools-trupp\" rel=\"nofollow noopener\" target=\"_blank\">haft ett krism\u00f6te<\/a> och verkar ha rett ut sina meningsskiljaktigheter.<\/p>\n<p>\u2013 Det var ett enkelt beslut att ta tillbaka honom till truppen. Jag har sagt det m\u00e5nga g\u00e5nger, det som s\u00e4gs mellan oss stannar mellan oss. Vi beh\u00f6vde honom, s\u00e4ger Liverpools tr\u00e4nare Arne Slot enligt BBC efter matchen.<\/p>\n<p>Matchen var Salahs sista innan han drar i v\u00e4g p\u00e5 Afrikanska m\u00e4sterskapen och fr\u00e5gan \u00e4r om det blir fler matcher i Liverpool-tr\u00f6jan. <\/p>\n<p>Egyptiern pratade f\u00f6rra helgen med os\u00e4kerhet kring framtiden i klubben och vinterns transferf\u00f6nster hinner \u00f6ppna innan han \u00e4r tillbaka fr\u00e5n landslaget.<\/p>\n<p>Salah med assist<\/p>\n<p>Vad g\u00e4ller matchen s\u00e5 gav Hugo Ekitike Liverpool en smakstart n\u00e4r han skickade in 1-0 p\u00e5 volley redan efter 47 sekunder.<\/p>\n<p>I den andra akten s\u00e5 var det dags f\u00f6r Mohamed Salah att hamna i po\u00e4ngprotokollet. 33-\u00e5ringen slog n\u00e4mligen h\u00f6rnan till Liverpools andra m\u00e5l, ocks\u00e5 det av Hugo Ekitike som tjusigt placerade dit bollen med pannan.<\/p>\n<p>\u2013 Han var st\u00e4ndigt involverad. En fr\u00f6jd att se men det \u00e4r ingen \u00f6verraskning, s\u00e4ger Slot.<\/p>\n<p>P\u00e5 stopptid h\u00f6ll Salah p\u00e5 att hitta n\u00e4tet sj\u00e4lv. Men anfallarens volleyavslut gick \u00f6ver.<\/p>\n<p>B\u00e5de Alexander Isak och Yasin Ayari inledde p\u00e5 b\u00e4nken f\u00f6r sina respektive lag och byttes in i den andra halvleken, utan att utm\u00e4rka sig n\u00e4mnv\u00e4rt.<\/p>\n","protected":false},"excerpt":{"rendered":"Det var i den 26:e minuten som h\u00f6gerbacken Joe Gomez satte sig ned p\u00e5 planen och inte kunde&hellip;\n","protected":false},"author":2,"featured_media":104819,"comment_status":"","ping_status":"","sticky":false,"template":"","format":"standard","meta":{"footnotes":""},"categories":[5],"tags":[22,23,26,27,17,21,24,25,28,29,15,16,18,34,31,33,32,30,19,20],"class_list":{"0":"post-104818","1":"post","2":"type-post","3":"status-publish","4":"format-standard","5":"has-post-thumbnail","7":"category-rubriker","8":"tag-breaking-news","9":"tag-breakingnews","10":"tag-featured-news","11":"tag-featurednews","12":"tag-headlines","13":"tag-huvudnyheter","14":"tag-latest-news","15":"tag-latestnews","16":"tag-main-news","17":"tag-mainnews","18":"tag-news","19":"tag-nyheter","20":"tag-rubriker","21":"tag-se","22":"tag-svenska","23":"tag-sverige","24":"tag-sweden","25":"tag-swedish","26":"tag-top-stories","27":"tag-topstories"},"share_on_mastodon":{"url":"https:\/\/pubeurope.com\/@se\/115713618972352742","error":""},"_links":{"self":[{"href":"https:\/\/www.europesays.com\/se\/wp-json\/wp\/v2\/posts\/104818","targetHints":{"allow":["GET"]}}],"collection":[{"href":"https:\/\/www.europesays.com\/se\/wp-json\/wp\/v2\/posts"}],"about":[{"href":"https:\/\/www.europesays.com\/se\/wp-json\/wp\/v2\/types\/post"}],"author":[{"embeddable":true,"href":"https:\/\/www.europesays.com\/se\/wp-json\/wp\/v2\/users\/2"}],"replies":[{"embeddable":true,"href":"https:\/\/www.europesays.com\/se\/wp-json\/wp\/v2\/comments?post=104818"}],"version-history":[{"count":0,"href":"https:\/\/www.europesays.com\/se\/wp-json\/wp\/v2\/posts\/104818\/revisions"}],"wp:featuredmedia":[{"embeddable":true,"href":"https:\/\/www.europesays.com\/se\/wp-json\/wp\/v2\/media\/104819"}],"wp:attachment":[{"href":"https:\/\/www.europesays.com\/se\/wp-json\/wp\/v2\/media?parent=104818"}],"wp:term":[{"taxonomy":"category","embeddable":true,"href":"https:\/\/www.europesays.com\/se\/wp-json\/wp\/v2\/categories?post=104818"},{"taxonomy":"post_tag","embeddable":true,"href":"https:\/\/www.europesays.com\/se\/wp-json\/wp\/v2\/tags?post=104818"}],"curies":[{"name":"wp","href":"https:\/\/api.w.org\/{rel}","templated":true}]}}