{"id":104826,"date":"2025-12-13T18:19:11","date_gmt":"2025-12-13T18:19:11","guid":{"rendered":"https:\/\/www.europesays.com\/se\/104826\/"},"modified":"2025-12-13T18:19:11","modified_gmt":"2025-12-13T18:19:11","slug":"teknisk-storning-paverkar-restauranger-och-foodora","status":"publish","type":"post","link":"https:\/\/www.europesays.com\/se\/104826\/","title":{"rendered":"Teknisk st\u00f6rning \u2013 p\u00e5verkar restauranger och Foodora"},"content":{"rendered":"<p class=\"boxtextgrotesk-root_baa6 hyperion-css-7pajle\">Uppdaterad 19.13 | Publicerad 17.29<\/p>\n<p>share-arrowDela<\/p>\n<p>unsaveSpara<\/p>\n<p>expand-left<\/p>\n<p>helsk\u00e4rm<img decoding=\"async\" class=\"image-asset hyperion-css-u06ts1\" data-test-tag=\"image-asset\" src=\"https:\/\/www.europesays.com\/se\/wp-content\/uploads\/2025\/12\/6cdd5342-7fcf-472c-bb16-4a7514cac2f0\"  alt=\"S\u00e5 h\u00e4r ser det ut i appen. \"  loading=\"eager\" fetchpriority=\"high\" style=\"aspect-ratio:1170 \/ 479\"\/>S\u00e5 h\u00e4r ser det ut i appen. Foto: Max<\/p>\n<p class=\"hyperion-css-1shl3oz\" data-test-tag=\"lead-text\">Flera restauranger och Foodora har haft best\u00e4llningsstrul under l\u00f6rdagen. <\/p>\n<p class=\"hyperion-css-1shl3oz\" data-test-tag=\"lead-text\">Hos hamburgerkedjan Max har man inte kunnat betala via appen.<\/p>\n<p class=\"hyperion-css-1shl3oz\" data-test-tag=\"lead-text\">Problemen kopplas till en tredjepartsleverant\u00f6r. <\/p>\n<p class=\"hyperion-css-1v9qo5x\">Matleveransj\u00e4tten <a data-test-tag=\"internal-link\" href=\"https:\/\/www.aftonbladet.se\/tagg\/foodora\" class=\"hyperion-css-15jkft9\" rel=\"nofollow noopener\" target=\"\" aria-label=\"Foodora\">Foodora<\/a> har tekniska st\u00f6rningar i sina tj\u00e4nster under l\u00f6rdagseftermiddagen. <\/p>\n<p class=\"hyperion-css-1v9qo5x\">\u201dProblemet har p\u00e5verkat \u00f6verf\u00f6ringen av best\u00e4llningar till vissa av v\u00e5ra restaurangpartners och har snabbt kunnat sp\u00e5ras till en tredjepartsleverant\u00f6r\u201d, skriver deras presstj\u00e4nst i ett mejl till Aftonbladet.<\/p>\n<p class=\"hyperion-css-1v9qo5x\">De skriver att st\u00f6rningen endast p\u00e5verkar ett begr\u00e4nsat antal kunder fr\u00e5n utvalda restauranger. <\/p>\n<p class=\"hyperion-css-1v9qo5x\">Nu arbetar deras team f\u00f6r att l\u00f6sa problemet. <\/p>\n<p class=\"hyperion-css-1v9qo5x\">\u201dVi ber om urs\u00e4kt f\u00f6r de besv\u00e4r detta kan medf\u00f6ra och tackar f\u00f6r f\u00f6rst\u00e5elsen under tiden\u201d, skriver de. <\/p>\n<p class=\"hyperion-css-1v9qo5x\">Enligt Foodora \u00e4r fler drabbade av problemet. <\/p>\n<p class=\"hyperion-css-1v9qo5x\">\u201dDet p\u00e5verkar flera restauranger som anv\u00e4nder detta tredjepartssystem, b\u00e5de i sina sj\u00e4lvbest\u00e4llningskiosker och p\u00e5 matleveransplattformar.\u201d<\/p>\n<p>Best\u00e4llningsstrul hos Max<\/p>\n<p class=\"hyperion-css-1v9qo5x\">Hamburgerkedjan Max har haft problem med best\u00e4llningar under dagen. <\/p>\n<p class=\"hyperion-css-1v9qo5x\">\u201dSedan lunchtid har betalningar genom app, expresskiosk och delivery inte fungerat\u201d, skriver Max kommunikationschef Henric Bystr\u00f6m i en kommentar till Aftonbladet. <\/p>\n<p class=\"hyperion-css-1v9qo5x\">Det ska inte vara n\u00e5gra problem att best\u00e4lla mat via kassa eller i restaurangernas drive-in. <\/p>\n<p class=\"hyperion-css-1v9qo5x\">\u00c4ven Max problem kopplas till en tredjepartsleverant\u00f6r. <\/p>\n<p class=\"hyperion-css-1v9qo5x\">\u201dOrsaken \u00e4r identifierad till en tredjepartsleverant\u00f6r, vilket inneb\u00e4r att flera andra restaurangkedjor och f\u00f6retag i Sverige och Europa ocks\u00e5 \u00e4r drabbade.\u201d<\/p>\n","protected":false},"excerpt":{"rendered":"Uppdaterad 19.13 | Publicerad 17.29 share-arrowDela unsaveSpara expand-left helsk\u00e4rmS\u00e5 h\u00e4r ser det ut i appen. Foto: Max Flera&hellip;\n","protected":false},"author":2,"featured_media":104827,"comment_status":"","ping_status":"","sticky":false,"template":"","format":"standard","meta":{"footnotes":""},"categories":[14],"tags":[22,23,26,27,17,21,24,25,28,29,15,16,18,34,31,33,32,30,19,20,51,52,53,54],"class_list":{"0":"post-104826","1":"post","2":"type-post","3":"status-publish","4":"format-standard","5":"has-post-thumbnail","7":"category-varlden","8":"tag-breaking-news","9":"tag-breakingnews","10":"tag-featured-news","11":"tag-featurednews","12":"tag-headlines","13":"tag-huvudnyheter","14":"tag-latest-news","15":"tag-latestnews","16":"tag-main-news","17":"tag-mainnews","18":"tag-news","19":"tag-nyheter","20":"tag-rubriker","21":"tag-se","22":"tag-svenska","23":"tag-sverige","24":"tag-sweden","25":"tag-swedish","26":"tag-top-stories","27":"tag-topstories","28":"tag-varlden","29":"tag-world","30":"tag-world-news","31":"tag-worldnews"},"share_on_mastodon":{"url":"https:\/\/pubeurope.com\/@se\/115713643229288992","error":""},"_links":{"self":[{"href":"https:\/\/www.europesays.com\/se\/wp-json\/wp\/v2\/posts\/104826","targetHints":{"allow":["GET"]}}],"collection":[{"href":"https:\/\/www.europesays.com\/se\/wp-json\/wp\/v2\/posts"}],"about":[{"href":"https:\/\/www.europesays.com\/se\/wp-json\/wp\/v2\/types\/post"}],"author":[{"embeddable":true,"href":"https:\/\/www.europesays.com\/se\/wp-json\/wp\/v2\/users\/2"}],"replies":[{"embeddable":true,"href":"https:\/\/www.europesays.com\/se\/wp-json\/wp\/v2\/comments?post=104826"}],"version-history":[{"count":0,"href":"https:\/\/www.europesays.com\/se\/wp-json\/wp\/v2\/posts\/104826\/revisions"}],"wp:featuredmedia":[{"embeddable":true,"href":"https:\/\/www.europesays.com\/se\/wp-json\/wp\/v2\/media\/104827"}],"wp:attachment":[{"href":"https:\/\/www.europesays.com\/se\/wp-json\/wp\/v2\/media?parent=104826"}],"wp:term":[{"taxonomy":"category","embeddable":true,"href":"https:\/\/www.europesays.com\/se\/wp-json\/wp\/v2\/categories?post=104826"},{"taxonomy":"post_tag","embeddable":true,"href":"https:\/\/www.europesays.com\/se\/wp-json\/wp\/v2\/tags?post=104826"}],"curies":[{"name":"wp","href":"https:\/\/api.w.org\/{rel}","templated":true}]}}