{"id":10483,"date":"2025-08-21T17:28:11","date_gmt":"2025-08-21T17:28:11","guid":{"rendered":"https:\/\/www.europesays.com\/se\/10483\/"},"modified":"2025-08-21T17:28:11","modified_gmt":"2025-08-21T17:28:11","slug":"ukraina-kan-fa-mer-offensiv-roll-i-kriget-framover","status":"publish","type":"post","link":"https:\/\/www.europesays.com\/se\/10483\/","title":{"rendered":"Ukraina kan f\u00e5 mer offensiv roll i kriget fram\u00f6ver"},"content":{"rendered":"<p>Putin forts\u00e4tter sina omfattande attacker, trots fredssamtal.<\/p>\n<p>Nu hintar Trump om att Ukraina kan f\u00e5 en mer offensiv roll fram\u00f6ver.<\/p>\n<p>\u201dDet \u00e4r v\u00e4ldigt sv\u00e5rt, om inte om\u00f6jligt, att vinna ett krig utan att attackera\u201d, skriver han p\u00e5 Truth Social.<\/p>\n<p>Senaste klippen om kriget i Ukraina.<img   alt=\"\"\/><\/p>\n<p>Donald Trump.<\/p>\n<p>Foto: POOL \/ STELLA PICTURES\/ABACA PRESS ABACA PRESS<\/p>\n<p>\u00d6ppna bild i helsk\u00e4rm<img loading=\"lazy\"   alt=\"\"\/> <\/p>\n<p>Foto: VYACHESLAV PROKOFYEV \/ AP TT NYHETSBYR\u00c5N<\/p>\n<p>\u00d6ppna bild i helsk\u00e4rm<\/p>\n<p>Efter m\u00e5ndagens toppm\u00f6te i Vita huset var Trumps ambition att f\u00e5 till ett m\u00f6te mellan <a href=\"https:\/\/www.expressen.se\/tagg\/location\/ryssland\/\" class=\"\" rel=\"nofollow noopener\" target=\"_blank\">Rysslands<\/a> Vladimir Putin och Ukrainas Volodymyr Zelenskyj. Men den amerikanska presidenten tar nu ett steg tillbaka i planeringen.<\/p>\n<p>Samtidigt antyder han p\u00e5 plattformen Truth Social att Ukraina kan f\u00e5 en mer offensiv roll.<\/p>\n<p>\u201dDet \u00e4r v\u00e4ldigt sv\u00e5rt, om inte om\u00f6jligt, att vinna ett krig utan att attackera det invaderande landet. Det \u00e4r som ett idrottslag med ett fantastiskt f\u00f6rsvar, men som inte f\u00e5r spela offensivt. Det finns ingen chans att vinna!\u201d, skriver han.<\/p>\n<p>Inl\u00e4gget kommer efter att Ryssland utf\u00f6rt en omfattande attack mot Ukraina under natten, med \u00f6ver 600 dr\u00f6nare. I angreppet ska en fabrik som \u00e4gs av det amerikanska bolaget Flex ha f\u00f6rst\u00f6rts, skriver <a href=\"https:\/\/www.kyivpost.com\/post\/58709\" rel=\"nofollow noopener\" target=\"_blank\">Kyiv Post<\/a>. F\u00f6retaget tillverkar bland annat komponenter till luftfart och f\u00f6rsvar.<\/p>\n<p>\u201dIntressanta tider fram\u00f6ver!!!\u201d<\/p>\n<p>Om utspelet \u00e4r kopplat till nattens attack \u00e4r oklart, men Trump passade \u00e4ven p\u00e5 att ge en k\u00e4nga till sin f\u00f6retr\u00e4dare.<\/p>\n<p>\u201dDen korrupte och grovt inkompetenta Joe Biden l\u00e4t inte Ukraina SL\u00c5 TILLBAKA, bara F\u00d6RSVARA. Hur gick det? Oavsett, detta \u00e4r ett krig som ALDRIG skulle ha h\u00e4nt om jag vore president \u2013 NOLL CHANS. Intressanta tider fram\u00f6ver!!!\u201d, skriver han i inl\u00e4gget.<\/p>\n<p>Biden-administrationen hade en l\u00e5ngtg\u00e5ende policy om att Ukraina inte fick anv\u00e4nda USA-tillverkade l\u00e5ngr\u00e4ckviddiga robotar mot Ryssland, n\u00e5got de backade fr\u00e5n i november f\u00f6rra \u00e5ret.<\/p>\n<p>Ett beslut som Trump vid tillf\u00e4llet kritiserade, rapporterar <a href=\"https:\/\/www.reuters.com\/world\/trump-criticizes-ukraines-use-us-missiles-attacks-deep-into-russia-2024-12-12\/\" rel=\"nofollow noopener\" target=\"_blank\">Reuters<\/a>.<\/p>\n","protected":false},"excerpt":{"rendered":"Putin forts\u00e4tter sina omfattande attacker, trots fredssamtal. Nu hintar Trump om att Ukraina kan f\u00e5 en mer offensiv&hellip;\n","protected":false},"author":2,"featured_media":10484,"comment_status":"","ping_status":"","sticky":false,"template":"","format":"standard","meta":{"footnotes":""},"categories":[14],"tags":[50,22,23,26,27,17,21,24,25,274,202,45,28,29,15,276,16,198,1483,203,906,18,34,55,31,33,32,30,19,204,60,49,20,51,52,53,54],"class_list":{"0":"post-10483","1":"post","2":"type-post","3":"status-publish","4":"format-standard","5":"has-post-thumbnail","7":"category-varlden","8":"tag-arme-forsvar","9":"tag-breaking-news","10":"tag-breakingnews","11":"tag-featured-news","12":"tag-featurednews","13":"tag-headlines","14":"tag-huvudnyheter","15":"tag-latest-news","16":"tag-latestnews","17":"tag-location-ryssland","18":"tag-location-ukraina","19":"tag-location-usa","20":"tag-main-news","21":"tag-mainnews","22":"tag-news","23":"tag-newsstory-kriget-i-ukraina","24":"tag-nyheter","25":"tag-person-donald-trump","26":"tag-person-joe-biden","27":"tag-person-vladimir-putin","28":"tag-person-volodymyr-zelenskyj","29":"tag-rubriker","30":"tag-se","31":"tag-sections-varlden","32":"tag-svenska","33":"tag-sverige","34":"tag-sweden","35":"tag-swedish","36":"tag-top-stories","37":"tag-topic-amerikansk-politik","38":"tag-topic-krig-konflikt","39":"tag-topic-militar","40":"tag-topstories","41":"tag-varlden","42":"tag-world","43":"tag-world-news","44":"tag-worldnews"},"share_on_mastodon":{"url":"","error":""},"_links":{"self":[{"href":"https:\/\/www.europesays.com\/se\/wp-json\/wp\/v2\/posts\/10483","targetHints":{"allow":["GET"]}}],"collection":[{"href":"https:\/\/www.europesays.com\/se\/wp-json\/wp\/v2\/posts"}],"about":[{"href":"https:\/\/www.europesays.com\/se\/wp-json\/wp\/v2\/types\/post"}],"author":[{"embeddable":true,"href":"https:\/\/www.europesays.com\/se\/wp-json\/wp\/v2\/users\/2"}],"replies":[{"embeddable":true,"href":"https:\/\/www.europesays.com\/se\/wp-json\/wp\/v2\/comments?post=10483"}],"version-history":[{"count":0,"href":"https:\/\/www.europesays.com\/se\/wp-json\/wp\/v2\/posts\/10483\/revisions"}],"wp:featuredmedia":[{"embeddable":true,"href":"https:\/\/www.europesays.com\/se\/wp-json\/wp\/v2\/media\/10484"}],"wp:attachment":[{"href":"https:\/\/www.europesays.com\/se\/wp-json\/wp\/v2\/media?parent=10483"}],"wp:term":[{"taxonomy":"category","embeddable":true,"href":"https:\/\/www.europesays.com\/se\/wp-json\/wp\/v2\/categories?post=10483"},{"taxonomy":"post_tag","embeddable":true,"href":"https:\/\/www.europesays.com\/se\/wp-json\/wp\/v2\/tags?post=10483"}],"curies":[{"name":"wp","href":"https:\/\/api.w.org\/{rel}","templated":true}]}}