{"id":104834,"date":"2025-12-13T18:32:10","date_gmt":"2025-12-13T18:32:10","guid":{"rendered":"https:\/\/www.europesays.com\/se\/104834\/"},"modified":"2025-12-13T18:32:10","modified_gmt":"2025-12-13T18:32:10","slug":"amerikanska-militarer-dodade-i-syrien","status":"publish","type":"post","link":"https:\/\/www.europesays.com\/se\/104834\/","title":{"rendered":"Amerikanska milit\u00e4rer d\u00f6dade i Syrien"},"content":{"rendered":"<p class=\"boxtextgrotesk-root_baa6 hyperion-css-7pajle\">Uppdaterad 19.14 | Publicerad 17.58<\/p>\n<p>share-arrowDela<\/p>\n<p>unsaveSpara<\/p>\n<p>expand-left<\/p>\n<p>helsk\u00e4rm<img decoding=\"async\" class=\"image-asset hyperion-css-u06ts1\" data-test-tag=\"image-asset\" src=\"https:\/\/www.europesays.com\/se\/wp-content\/uploads\/2025\/12\/0b6c9ca1-933f-412b-920f-22a4e1d6420e\"  alt=\"De skadade har f\u00f6rts till USA:s milit\u00e4rbas al-Tanf. Arkivbild.\"  loading=\"eager\" fetchpriority=\"high\" style=\"aspect-ratio:1900 \/ 1266\"\/>De skadade har f\u00f6rts till USA:s milit\u00e4rbas al-Tanf. Arkivbild. Foto: Lolita Baldor\/AP\/TT<\/p>\n<p class=\"hyperion-css-1shl3oz\" data-test-tag=\"lead-text\">Tre amerikaner, tv\u00e5 milit\u00e4rer och en tolk, har d\u00f6dats i vad USA:s milit\u00e4r kallar f\u00f6r en attack av en ensamagerande IS-medlem i Syrien.<\/p>\n<p class=\"hyperion-css-1shl3oz\" data-test-tag=\"lead-text\">Den syriska regeringen uppger att man hade varnat om m\u00f6jlig IS-infiltration.<\/p>\n<p class=\"hyperion-css-1v9qo5x\">Attacken skedde i Palmyra, d\u00e4r amerikanerna var del av en delegation tillsammans med syriska s\u00e4kerhetsstyrkor med syfte att tr\u00e4ffa lokala beslutsfattare och motverka terrorism.<\/p>\n<p class=\"hyperion-css-1v9qo5x\">Flera skadades, bland annat tre amerikanska milit\u00e4rer. De har enligt nyhetsbyr\u00e5n AP f\u00f6rts till den amerikanska milit\u00e4rbasen al-Tanf.<\/p>\n<p class=\"hyperion-css-1v9qo5x\">Enligt USA:s krigsminister Pete Hegseth d\u00f6dades angriparen av syriska styrkor. H\u00e4ndelsen ska utredas, enligt Pentagons talesperson Sean Parnell.<\/p>\n<p class=\"hyperion-css-1v9qo5x\">Centcom, USA:s milit\u00e4rkommando i regionen, beskriver attacken som ett bakh\u00e5ll utf\u00f6rt av en ensam bev\u00e4pnad IS-man i ett inl\u00e4gg p\u00e5 X.<\/p>\n<p class=\"hyperion-css-1v9qo5x\">Enligt k\u00e4llor till det brittiskbaserade Syriska m\u00e4nniskor\u00e4ttsobservatoriet (SOHR) utf\u00f6rdes attacken av en person som \u00e4r medlem i de syriska s\u00e4kerhetsstyrkorna.<\/p>\n<p class=\"hyperion-css-1v9qo5x\">Det syriska inrikesdepartementets talesperson Anwar al-Baba s\u00e4ger att den USA-ledda internationella koalitionen \u2013 som bek\u00e4mpar det som kvarst\u00e5r av terrorgruppen IS \u2013 ignorerat deras varningar.<\/p>\n<p class=\"hyperion-css-1v9qo5x\">\u2013 Den internationella koalitionen h\u00f6rsammade inte varningarna om m\u00f6jlig infiltration av IS, s\u00e4ger han i en intervju i statlig tv.<\/p>\n<p class=\"hyperion-css-1v9qo5x\">IS kontrollerade tidigare Palmyra.<\/p>\n","protected":false},"excerpt":{"rendered":"Uppdaterad 19.14 | Publicerad 17.58 share-arrowDela unsaveSpara expand-left helsk\u00e4rmDe skadade har f\u00f6rts till USA:s milit\u00e4rbas al-Tanf. Arkivbild. Foto:&hellip;\n","protected":false},"author":2,"featured_media":104835,"comment_status":"","ping_status":"","sticky":false,"template":"","format":"standard","meta":{"footnotes":""},"categories":[14],"tags":[22,23,26,27,17,21,24,25,28,29,15,16,18,34,31,33,32,30,19,20,51,52,53,54],"class_list":{"0":"post-104834","1":"post","2":"type-post","3":"status-publish","4":"format-standard","5":"has-post-thumbnail","7":"category-varlden","8":"tag-breaking-news","9":"tag-breakingnews","10":"tag-featured-news","11":"tag-featurednews","12":"tag-headlines","13":"tag-huvudnyheter","14":"tag-latest-news","15":"tag-latestnews","16":"tag-main-news","17":"tag-mainnews","18":"tag-news","19":"tag-nyheter","20":"tag-rubriker","21":"tag-se","22":"tag-svenska","23":"tag-sverige","24":"tag-sweden","25":"tag-swedish","26":"tag-top-stories","27":"tag-topstories","28":"tag-varlden","29":"tag-world","30":"tag-world-news","31":"tag-worldnews"},"share_on_mastodon":{"url":"https:\/\/pubeurope.com\/@se\/115713693894919210","error":""},"_links":{"self":[{"href":"https:\/\/www.europesays.com\/se\/wp-json\/wp\/v2\/posts\/104834","targetHints":{"allow":["GET"]}}],"collection":[{"href":"https:\/\/www.europesays.com\/se\/wp-json\/wp\/v2\/posts"}],"about":[{"href":"https:\/\/www.europesays.com\/se\/wp-json\/wp\/v2\/types\/post"}],"author":[{"embeddable":true,"href":"https:\/\/www.europesays.com\/se\/wp-json\/wp\/v2\/users\/2"}],"replies":[{"embeddable":true,"href":"https:\/\/www.europesays.com\/se\/wp-json\/wp\/v2\/comments?post=104834"}],"version-history":[{"count":0,"href":"https:\/\/www.europesays.com\/se\/wp-json\/wp\/v2\/posts\/104834\/revisions"}],"wp:featuredmedia":[{"embeddable":true,"href":"https:\/\/www.europesays.com\/se\/wp-json\/wp\/v2\/media\/104835"}],"wp:attachment":[{"href":"https:\/\/www.europesays.com\/se\/wp-json\/wp\/v2\/media?parent=104834"}],"wp:term":[{"taxonomy":"category","embeddable":true,"href":"https:\/\/www.europesays.com\/se\/wp-json\/wp\/v2\/categories?post=104834"},{"taxonomy":"post_tag","embeddable":true,"href":"https:\/\/www.europesays.com\/se\/wp-json\/wp\/v2\/tags?post=104834"}],"curies":[{"name":"wp","href":"https:\/\/api.w.org\/{rel}","templated":true}]}}