{"id":104836,"date":"2025-12-13T18:34:15","date_gmt":"2025-12-13T18:34:15","guid":{"rendered":"https:\/\/www.europesays.com\/se\/104836\/"},"modified":"2025-12-13T18:34:15","modified_gmt":"2025-12-13T18:34:15","slug":"foremal-i-goteborg-var-ofarligt","status":"publish","type":"post","link":"https:\/\/www.europesays.com\/se\/104836\/","title":{"rendered":"F\u00f6rem\u00e5l i G\u00f6teborg var ofarligt"},"content":{"rendered":"<p class=\"boxtextgrotesk-root_baa6 hyperion-css-7pajle\">Uppdaterad 19.24 | Publicerad 19.08<\/p>\n<p>share-arrowDela<\/p>\n<p>unsaveSpara<\/p>\n<p>expand-left<\/p>\n<p>helsk\u00e4rm<img decoding=\"async\" class=\"image-asset hyperion-css-u06ts1\" data-test-tag=\"image-asset\" src=\"https:\/\/www.europesays.com\/se\/wp-content\/uploads\/2025\/12\/3716ad0f-ec03-457a-a2ab-5fce2641e935\"  alt=\"Nationella bombskyddet bed\u00f6mde f\u00f6rem\u00e5let i G\u00f6teborg som ofarligt. Arkivbild.\"  loading=\"eager\" fetchpriority=\"high\" style=\"aspect-ratio:1900 \/ 1288\"\/>Nationella bombskyddet bed\u00f6mde f\u00f6rem\u00e5let i G\u00f6teborg som ofarligt. Arkivbild. Foto: Johan Nilsson\/TT<\/p>\n<p class=\"hyperion-css-1shl3oz\" data-test-tag=\"lead-text\">Nationella bombskyddet har bed\u00f6mt det misst\u00e4nkt farliga f\u00f6rem\u00e5let i G\u00f6teborg som ofarligt, meddelar polisen.<\/p>\n<p class=\"hyperion-css-1v9qo5x\">Larmet om f\u00f6rem\u00e5let, som hittades utomhus i ett omr\u00e5de i G\u00f6teborg, kom vid 18-tiden. Platsen sp\u00e4rrades av och trafiken p\u00e5verkades.<\/p>\n<p class=\"hyperion-css-1v9qo5x\">Det nationella bombskyddet kallades till platsen f\u00f6r att unders\u00f6ka f\u00f6rem\u00e5let, och vid 19.15 meddelade polisen att det bed\u00f6mdes som \u201dicke skarpt\u201d och att avsp\u00e4rrningarna skulle h\u00e4vas.<\/p>\n","protected":false},"excerpt":{"rendered":"Uppdaterad 19.24 | Publicerad 19.08 share-arrowDela unsaveSpara expand-left helsk\u00e4rmNationella bombskyddet bed\u00f6mde f\u00f6rem\u00e5let i G\u00f6teborg som ofarligt. Arkivbild. Foto:&hellip;\n","protected":false},"author":2,"featured_media":104837,"comment_status":"","ping_status":"","sticky":false,"template":"","format":"standard","meta":{"footnotes":""},"categories":[5],"tags":[22,23,26,27,17,21,24,25,28,29,15,16,18,34,31,33,32,30,19,20],"class_list":{"0":"post-104836","1":"post","2":"type-post","3":"status-publish","4":"format-standard","5":"has-post-thumbnail","7":"category-rubriker","8":"tag-breaking-news","9":"tag-breakingnews","10":"tag-featured-news","11":"tag-featurednews","12":"tag-headlines","13":"tag-huvudnyheter","14":"tag-latest-news","15":"tag-latestnews","16":"tag-main-news","17":"tag-mainnews","18":"tag-news","19":"tag-nyheter","20":"tag-rubriker","21":"tag-se","22":"tag-svenska","23":"tag-sverige","24":"tag-sweden","25":"tag-swedish","26":"tag-top-stories","27":"tag-topstories"},"share_on_mastodon":{"url":"https:\/\/pubeurope.com\/@se\/115713701759504076","error":""},"_links":{"self":[{"href":"https:\/\/www.europesays.com\/se\/wp-json\/wp\/v2\/posts\/104836","targetHints":{"allow":["GET"]}}],"collection":[{"href":"https:\/\/www.europesays.com\/se\/wp-json\/wp\/v2\/posts"}],"about":[{"href":"https:\/\/www.europesays.com\/se\/wp-json\/wp\/v2\/types\/post"}],"author":[{"embeddable":true,"href":"https:\/\/www.europesays.com\/se\/wp-json\/wp\/v2\/users\/2"}],"replies":[{"embeddable":true,"href":"https:\/\/www.europesays.com\/se\/wp-json\/wp\/v2\/comments?post=104836"}],"version-history":[{"count":0,"href":"https:\/\/www.europesays.com\/se\/wp-json\/wp\/v2\/posts\/104836\/revisions"}],"wp:featuredmedia":[{"embeddable":true,"href":"https:\/\/www.europesays.com\/se\/wp-json\/wp\/v2\/media\/104837"}],"wp:attachment":[{"href":"https:\/\/www.europesays.com\/se\/wp-json\/wp\/v2\/media?parent=104836"}],"wp:term":[{"taxonomy":"category","embeddable":true,"href":"https:\/\/www.europesays.com\/se\/wp-json\/wp\/v2\/categories?post=104836"},{"taxonomy":"post_tag","embeddable":true,"href":"https:\/\/www.europesays.com\/se\/wp-json\/wp\/v2\/tags?post=104836"}],"curies":[{"name":"wp","href":"https:\/\/api.w.org\/{rel}","templated":true}]}}