{"id":104839,"date":"2025-12-13T18:37:13","date_gmt":"2025-12-13T18:37:13","guid":{"rendered":"https:\/\/www.europesays.com\/se\/104839\/"},"modified":"2025-12-13T18:37:13","modified_gmt":"2025-12-13T18:37:13","slug":"medborgare-nujen-manar-till-kamp","status":"publish","type":"post","link":"https:\/\/www.europesays.com\/se\/104839\/","title":{"rendered":"Medborgare N\u00fbjen manar till kamp"},"content":{"rendered":"<p><strong>\u00d6zz N\u00fbjen kommer in i foaj\u00e9n p\u00e5 Rival och hans syns omedelbart. Alla h\u00e4lsar p\u00e5 honom och han g\u00e5r fram och tar killen som jobbar i baren i hand. Sedan hittar han mig.<br \/>\u2013 F\u00f6rl\u00e5t, att jag \u00e4r lite sen, det var k\u00f6er in till stan.<\/strong><\/p>\n<p>\u00d6zz g\u00e5r f\u00f6re ner till logen, och p\u00e5 v\u00e4gen h\u00e4lsar han p\u00e5 alla han m\u00f6ter i personalen. Dagen f\u00f6re har han haft sin f\u00f6rest\u00e4llning Medborgare N\u00fbjen p\u00e5 Rival.<br \/>\u2013 Det var inte bra, det var j-t bra, s\u00e4ger en av m\u00e4nnen och kramar om \u00d6zz.<\/p>\n<p>Senare samma kv\u00e4ll \u00e4r det dags igen. 735 biljetter s\u00e5lda, uts\u00e5lt.<br \/>\u2013 M\u00e5let med den h\u00e4r f\u00f6rest\u00e4llningen \u00e4r att f\u00e5 folk att skratta och sedan ska de sl\u00e5 n\u00e4ven i bordet och vilja g\u00e5 och r\u00f6sta.<\/p>\n<p>Annons:<a class=\"gofollow\" data-track=\"NDAxLDEsNjA=\" href=\"https:\/\/meetingspublic.stockholm.se\/committees\/jarva-stadsdelsnamnd\" rel=\"nofollow noopener\" target=\"_blank\"><img decoding=\"async\" src=\"https:\/\/www.europesays.com\/se\/wp-content\/uploads\/2025\/12\/SthlmStad-116181-251212-18-NyhetsbyranJarva.png\"\/><\/a><\/p>\n<p>Han har turnerat sedan den 25 september och forts\u00e4tter fram till valdagen 2026. Turn\u00e9n avslutas med valvaka och stand up p\u00e5 S\u00f6dra Teatern den 13 september.<br \/>\u2013 Hittills har jag haft 40 f\u00f6rest\u00e4llningar, och det blir sex till i \u00e5r. Under v\u00e5ren 74 f\u00f6rest\u00e4llningar och tio till under h\u00f6sten. Sammanlagt 130 f\u00f6rest\u00e4llningar p\u00e5 101 orter.<\/p>\n<p>\u00d6zz har \u00f6ver lag f\u00e5tt fina recensioner och han drar mycket folk. <br \/>\u2013 Ja, folk har ingen smak, brukar jag s\u00e4ga, Nej, jag \u00e4r otroligt glad att jag f\u00e5r folk att komma och titta och skratta. Men f\u00f6r mig \u00e4r det viktigt att tycka till.<\/p>\n<blockquote>\n<p>Din r\u00f6st \u00e4r viktig, om du g\u00f6r n\u00e5got av den<\/p>\n<\/blockquote>\n<p>Tycker g\u00f6r han och han sl\u00e5r \u00e5t b\u00e5de h\u00f6ger och v\u00e4nster, med all r\u00e4tt.<\/p>\n<p>\u2013 En socialdemokrati som i 16 av 20 fr\u00e5gor h\u00e5ller med moderaterna, varf\u00f6r ska man d\u00e5 r\u00f6sta p\u00e5 dem? Vi har en v\u00e4nster, som inte v\u00e5gar vara v\u00e4nster, och vi har partierna till h\u00f6ger som blir allt mer \u00f6ppna och brutala i sin rasism. Det oroar, men manar till kamp. S\u00e5 \u00e4r det, och jag gillar att k\u00e4mpa.<\/p>\n<p><strong>Men finns det inte en risk att publiken g\u00e5r hem och t\u00e4nker att alla partier \u00e4r lika d\u00e5liga och struntar i alltihop?<\/strong><\/p>\n<p>\u2013 Nej, det tror jag inte. Din r\u00f6st \u00e4r viktig, om du g\u00f6r n\u00e5got av den. Men du m\u00e5ste ta reda p\u00e5 vem det \u00e4r du r\u00f6star p\u00e5. <\/p>\n<p>Han tar exemplet att 70 procent av v\u00e5ra medborgare i Sverige \u00e4r emot privatiseringar, men 70 procent av v\u00e5ra folkvalda i riksdagen idag, fr\u00e5n h\u00f6ger till v\u00e4nster, lobbar och jobbar f\u00f6r v\u00e4lf\u00e4rdsf\u00f6retag.<br \/>\u2013 Det h\u00e4r \u00e4r inget jag tycker, utan det \u00e4r fakta. All forskning visar det. Om du \u00e4r emot vinster i v\u00e4lf\u00e4rden, d\u00e5 kan du inte r\u00f6sta p\u00e5 ett parti som \u00e4r f\u00f6r. <\/p>\n<p>Under sina f\u00f6rest\u00e4llningar brukar han fr\u00e5ga publiken om det har blivit b\u00e4ttre med all privatisering. <br \/>\u2013 D\u00e4r ute i verkligheten \u00e4r det 70-80 procent som skriker nej. Vissa saker m\u00e5ste f\u00e5 kosta, vissa saker kan man inte privatisera.<\/p>\n<blockquote>\n<p>Det \u00e4r ju inte invandrarna som har privatiserat apoteken<\/p>\n<\/blockquote>\n<p>Han konstaterar att sedan 1980-talet har 400 miljarder f\u00f6rsvunnit fr\u00e5n svensk offentlighet, som skulle ha g\u00e5tt till v\u00e5ra barn, v\u00e5ra \u00e4ldre, v\u00e5ra sjukhus och fritidsg\u00e5rdar.<br \/>\u2013 Pengar som nu hamnar i privata fickor ist\u00e4llet. Man m\u00e5ste informera folk och s\u00e4ga hur det ligger till.<\/p>\n<p>Och s\u00e5 s\u00e4ger han lakoniskt:<br \/>\u2013 Det \u00e4r ju inte invandrarna som har privatiserat apoteken, det \u00e4r inte invandrarna som har privatiserat skolan, bilprovningen och v\u00e5rden, men det \u00e4r invandrarna som f\u00e5r skulden.<\/p>\n<p><img loading=\"lazy\" decoding=\"async\" width=\"1024\" height=\"768\" src=\"https:\/\/www.europesays.com\/se\/wp-content\/uploads\/2025\/12\/Ozz-5-1024x768.jpg\" alt=\"Dockor i valb\u00e5sen. Scenografi p\u00e5 scenen. \" class=\"wp-image-133062\"  \/>Dockor i valb\u00e5s som f\u00f6ljer med \u00d6zz under turn\u00e9n med f\u00f6rest\u00e4llningen Medborgare N\u00fbjen.<\/p>\n<p>\u00d6zz N\u00fbjen \u00e4r r\u00e4tt ensam om att \u00e4gna sig \u00e5t politik p\u00e5 det h\u00e4r s\u00e4ttet. Han reser land och rike runt och f\u00e5r folk att b\u00e5de skratta och att t\u00e4nka efter. Han borde utses till \u00c5rets folkbildare.<\/p>\n<p>\u2013 Jag \u00e4r den enda komikern i Sverige som g\u00e5r ut s\u00e5 h\u00e4r h\u00e5rt. Andra v\u00e5gar inte, och jag f\u00f6rst\u00e5r att de \u00e4r r\u00e4dda om sina jobb, sitt rykte, sin karri\u00e4r. Det kostar att vara politisk.<\/p>\n<blockquote>\n<p>Om rasister, fascister och islamister hatar dig, d\u00e5 har du i alla fall gjort n\u00e5gonting bra<\/p>\n<\/blockquote>\n<p>Han m\u00e4rker sj\u00e4lv att samh\u00e4llsklimatet har h\u00e5rdnat.<br \/>\u2013 Ja, jag blev mordhotad senast f\u00f6rra veckan. Det har varit s\u00e5 ganska l\u00e4nge. Men man f\u00e5r inte gl\u00f6mma att om rasister, fascister och islamister hatar dig, d\u00e5 har du i alla fall gjort n\u00e5gonting bra. D\u00e5 \u00e4r du p\u00e5 v\u00e4g \u00e5t r\u00e4tt h\u00e5ll.<\/p>\n<p>Diskussionen om \u201dsvenska v\u00e4rderingar\u201d kallar han hyckleri.<br \/>\u2013 N\u00e4r du inte kan leverera politiskt, d\u00e5 b\u00f6rjar du prata om v\u00e4rderingar och moral ist\u00e4llet. Det som \u00e4r orov\u00e4ckande \u00e4r att v\u00e4nstern har g\u00e5tt i f\u00e4llan, ist\u00e4llet f\u00f6r att prata om sina egna visioner. Om de bara f\u00f6ljde sina partiprogram.<\/p>\n<p>Jag suckar och s\u00e4ger att det k\u00e4nns m\u00f6rkt vart man \u00e4n v\u00e4nder blicken och att alternativen saknas.<br \/>\u2013 Nej, var inte r\u00e4dd. Du f\u00e5r skapa alternativ.<\/p>\n<p>Han ser mig stint i \u00f6gonen.<br \/>\u2013 Organisera dig. Vad ska du vara r\u00e4dd f\u00f6r? Vi har g\u00e5tt igenom m\u00f6rkare perioder.  Man m\u00e5ste g\u00f6ra sitt.<\/p>\n<p><a href=\"https:\/\/www.nyhetsbyranjarva.se\/rinkeby-har-format-mig-till-den-jag-ar-idag\/\" rel=\"nofollow noopener\" target=\"_blank\">N\u00e4r Rinkeby fyllde 50 och \u00d6zz firade 20 \u00e5r som artist <\/a>intervjuade jag honom. Nu har han h\u00e5llit p\u00e5 i ett kvarts sekel, och han t\u00e4nker forts\u00e4tta.<br \/>\u2013 Ja, jag ger aldrig upp.<\/p>\n<p><strong>Kerstin Gustafsson Figueroa<\/strong><\/p>\n<p><img loading=\"lazy\" decoding=\"async\" width=\"1024\" height=\"768\" src=\"https:\/\/www.europesays.com\/se\/wp-content\/uploads\/2025\/12\/Ozz-1-1024x768.jpg\" alt=\"\u00d6zz N\u00fbjen p\u00e5 Rivals scen. Han g\u00f6r segertecknet.\" class=\"wp-image-133058\"  \/>\u00d6zz N\u00fbjen p\u00e5 Rivals scen.\n<\/p>\n<p>                    <a href=\"#\" rel=\"nofollow\" onclick=\"window.print(); return false;\" title=\"Printer Friendly, PDF &amp; Email\"><br \/>\n                    <img decoding=\"async\" class=\"pf-button-img\" src=\"https:\/\/www.europesays.com\/se\/wp-content\/uploads\/2025\/08\/printfriendly-pdf-button-nobg-md.png\" alt=\"Print Friendly, PDF &amp; Email\" style=\"width: 124px;height: 30px;\"\/><br \/>\n                    <\/a><\/p>\n","protected":false},"excerpt":{"rendered":"\u00d6zz N\u00fbjen kommer in i foaj\u00e9n p\u00e5 Rival och hans syns omedelbart. Alla h\u00e4lsar p\u00e5 honom och han&hellip;\n","protected":false},"author":2,"featured_media":104840,"comment_status":"","ping_status":"","sticky":false,"template":"","format":"standard","meta":{"footnotes":""},"categories":[67],"tags":[104,6731,11791,11792,11793,6741,34,9767,31,33,32,30,1432,11794,105,3416],"class_list":{"0":"post-104839","1":"post","2":"type-post","3":"status-publish","4":"format-standard","5":"has-post-thumbnail","7":"category-underhallning","8":"tag-entertainment","9":"tag-komiker","10":"tag-kurd","11":"tag-medborgare-nujen","12":"tag-ozz-nujen","13":"tag-rinkeby","14":"tag-se","15":"tag-stand-up","16":"tag-svenska","17":"tag-sverige","18":"tag-sweden","19":"tag-swedish","20":"tag-topp","21":"tag-turne","22":"tag-underhallning","23":"tag-valet-2026"},"share_on_mastodon":{"url":"https:\/\/pubeurope.com\/@se\/115713713575719339","error":""},"_links":{"self":[{"href":"https:\/\/www.europesays.com\/se\/wp-json\/wp\/v2\/posts\/104839","targetHints":{"allow":["GET"]}}],"collection":[{"href":"https:\/\/www.europesays.com\/se\/wp-json\/wp\/v2\/posts"}],"about":[{"href":"https:\/\/www.europesays.com\/se\/wp-json\/wp\/v2\/types\/post"}],"author":[{"embeddable":true,"href":"https:\/\/www.europesays.com\/se\/wp-json\/wp\/v2\/users\/2"}],"replies":[{"embeddable":true,"href":"https:\/\/www.europesays.com\/se\/wp-json\/wp\/v2\/comments?post=104839"}],"version-history":[{"count":0,"href":"https:\/\/www.europesays.com\/se\/wp-json\/wp\/v2\/posts\/104839\/revisions"}],"wp:featuredmedia":[{"embeddable":true,"href":"https:\/\/www.europesays.com\/se\/wp-json\/wp\/v2\/media\/104840"}],"wp:attachment":[{"href":"https:\/\/www.europesays.com\/se\/wp-json\/wp\/v2\/media?parent=104839"}],"wp:term":[{"taxonomy":"category","embeddable":true,"href":"https:\/\/www.europesays.com\/se\/wp-json\/wp\/v2\/categories?post=104839"},{"taxonomy":"post_tag","embeddable":true,"href":"https:\/\/www.europesays.com\/se\/wp-json\/wp\/v2\/tags?post=104839"}],"curies":[{"name":"wp","href":"https:\/\/api.w.org\/{rel}","templated":true}]}}