{"id":104843,"date":"2025-12-13T18:42:10","date_gmt":"2025-12-13T18:42:10","guid":{"rendered":"https:\/\/www.europesays.com\/se\/104843\/"},"modified":"2025-12-13T18:42:10","modified_gmt":"2025-12-13T18:42:10","slug":"amerikanska-soldater-dodade-i-syrien","status":"publish","type":"post","link":"https:\/\/www.europesays.com\/se\/104843\/","title":{"rendered":"Amerikanska soldater d\u00f6dade i Syrien"},"content":{"rendered":"<p>Tv\u00e5 amerikanska soldater och en amerikansk civil \u00f6vers\u00e4ttare d\u00f6dades i den syriska staden Palmyra under l\u00f6rdagen, skriver Pentagons talesperson Sean Parnell p\u00e5 X.<\/p>\n<p>Tre andra personer skadades.<\/p>\n<p>Arm\u00e9n skriver i ett uttalande att g\u00e4rningsmannen var en ensam bev\u00e4pnad IS-terrorist, som senare d\u00f6dades.<\/p>\n<p>Det syriska inrikesministeriet uppger att personen var en del av de syriska s\u00e4kerhetsstyrkorna och hade en extremistisk ideologi, rapporterar Reuters.<\/p>\n<p>\u201dKommer jaga dig\u201d<\/p>\n<p>Den syriska statliga nyhetsbyr\u00e5n SANA skriver att amerikanerna patrullerade tillsammans med syriska styrkor n\u00e4r de angreps.<\/p>\n<p>\u201dL\u00e5t det vara tydligt, om du attackerar amerikaner \u2013 var som helst i v\u00e4rlden \u2013 kommer du att tillbringa ditt korta, \u00e4ngsliga liv medveten om att USA kommer jaga dig, hitta dig, och d\u00f6da dig utan n\u00e5d\u201d, skriver krigsministern Pete Hegseth p\u00e5 X.<\/p>\n<p>De amerikanska d\u00f6dsoffren \u00e4r de f\u00f6rsta sedan diktatorn Assads fall, skriver AP. USA har styrkor i landet som utf\u00f6r operationer mot terrorgruppen IS.<\/p>\n","protected":false},"excerpt":{"rendered":"Tv\u00e5 amerikanska soldater och en amerikansk civil \u00f6vers\u00e4ttare d\u00f6dades i den syriska staden Palmyra under l\u00f6rdagen, skriver Pentagons&hellip;\n","protected":false},"author":2,"featured_media":793,"comment_status":"","ping_status":"","sticky":false,"template":"","format":"standard","meta":{"footnotes":""},"categories":[5],"tags":[22,23,26,27,17,21,24,25,28,29,15,16,18,34,31,33,32,30,19,20],"class_list":{"0":"post-104843","1":"post","2":"type-post","3":"status-publish","4":"format-standard","5":"has-post-thumbnail","7":"category-rubriker","8":"tag-breaking-news","9":"tag-breakingnews","10":"tag-featured-news","11":"tag-featurednews","12":"tag-headlines","13":"tag-huvudnyheter","14":"tag-latest-news","15":"tag-latestnews","16":"tag-main-news","17":"tag-mainnews","18":"tag-news","19":"tag-nyheter","20":"tag-rubriker","21":"tag-se","22":"tag-svenska","23":"tag-sverige","24":"tag-sweden","25":"tag-swedish","26":"tag-top-stories","27":"tag-topstories"},"share_on_mastodon":{"url":"https:\/\/pubeurope.com\/@se\/115713733034649320","error":""},"_links":{"self":[{"href":"https:\/\/www.europesays.com\/se\/wp-json\/wp\/v2\/posts\/104843","targetHints":{"allow":["GET"]}}],"collection":[{"href":"https:\/\/www.europesays.com\/se\/wp-json\/wp\/v2\/posts"}],"about":[{"href":"https:\/\/www.europesays.com\/se\/wp-json\/wp\/v2\/types\/post"}],"author":[{"embeddable":true,"href":"https:\/\/www.europesays.com\/se\/wp-json\/wp\/v2\/users\/2"}],"replies":[{"embeddable":true,"href":"https:\/\/www.europesays.com\/se\/wp-json\/wp\/v2\/comments?post=104843"}],"version-history":[{"count":0,"href":"https:\/\/www.europesays.com\/se\/wp-json\/wp\/v2\/posts\/104843\/revisions"}],"wp:featuredmedia":[{"embeddable":true,"href":"https:\/\/www.europesays.com\/se\/wp-json\/wp\/v2\/media\/793"}],"wp:attachment":[{"href":"https:\/\/www.europesays.com\/se\/wp-json\/wp\/v2\/media?parent=104843"}],"wp:term":[{"taxonomy":"category","embeddable":true,"href":"https:\/\/www.europesays.com\/se\/wp-json\/wp\/v2\/categories?post=104843"},{"taxonomy":"post_tag","embeddable":true,"href":"https:\/\/www.europesays.com\/se\/wp-json\/wp\/v2\/tags?post=104843"}],"curies":[{"name":"wp","href":"https:\/\/api.w.org\/{rel}","templated":true}]}}