{"id":104858,"date":"2025-12-13T19:00:15","date_gmt":"2025-12-13T19:00:15","guid":{"rendered":"https:\/\/www.europesays.com\/se\/104858\/"},"modified":"2025-12-13T19:00:15","modified_gmt":"2025-12-13T19:00:15","slug":"jonna-sundling-vinner-sprinten-i-davos-langdskidor","status":"publish","type":"post","link":"https:\/\/www.europesays.com\/se\/104858\/","title":{"rendered":"Jonna Sundling vinner sprinten i Davos | L\u00e4ngdskidor"},"content":{"rendered":"<p>Publicerad 13 dec 2025 kl 17.45Uppdaterad kl 18.56<\/p>\n<p>Tre svenskor i sprintfinal.<\/p>\n<p>D\u00e5 vann Jonna Sundling i Davos p\u00e5 m\u00e5lfoto efter ett dramatiskt upplopp.<\/p>\n<p>\u2013 Jag hade ingen aning om hur l\u00e5g till, s\u00e4ger vinnaren.<\/p>\n<p>Senaste sportklippen fr\u00e5n Expressen.<img   alt=\"\"\/><\/p>\n<p>Sundling vann sprinten.<\/p>\n<p>Foto: Viaplay.<\/p>\n<p>\u00d6ppna bild i helsk\u00e4rm<\/p>\n<p>Maja Dahlqvist, <a href=\"https:\/\/www.expressen.se\/tagg\/person\/linn-svahn\/\" class=\"\" rel=\"nofollow noopener\" target=\"_blank\">Linn Svahn<\/a> och Jonna Sundling tog sig samtliga vidare till sprintfinalen i Davos.<\/p>\n<p>Det gjorde d\u00e4remot inte v\u00e4rsta konkurrenten, norskan Kristine Stav\u00e5s Skistad <a href=\"https:\/\/www.expressen.se\/sport\/langdskidor\/kristine-stavas-skistad-diskad\/\" rel=\"nofollow noopener\" target=\"_blank\">som diskades i semifinalen.<\/a>\u00a0<\/p>\n<p>Detta l\u00e4mnade d\u00f6rren \u00f6ppen f\u00f6r Jonna Sundling, som tog initiativet direkt \u2013\u00a0och v\u00e4grade sl\u00e4ppa det.<\/p>\n<p>Sundling fick sl\u00e5ss med norskan Mathilde Myhrvold om f\u00f6rstaplatsen. Den kampen vann svenskan p\u00e5 m\u00e5lfoto efter ett oerh\u00f6rt dramatiskt upplopp.<\/p>\n<p>\u2013 Det var ju v\u00e4ldigt kul. Det k\u00e4nns sk\u00f6nt att dagen \u00e4r avklarad och att det gick s\u00e5 pass bra. Det \u00e4r m\u00e5nga bra k\u00e4nslor jag tar med mig. I det stora hela var det j\u00e4ttebra, s\u00e4ger Sundling.<\/p>\n<p>Leder totala v\u00e4rldscupen<\/p>\n<p>Hon visste vem som hade korsat m\u00e5llinjen f\u00f6rst.<\/p>\n<p>\u2013 Jag har ju ingen aning om hur vi ligger till n\u00e4r vi passerar m\u00e5llinjen f\u00f6r det var s\u00e5 tajt. Oavsett hade jag varit n\u00f6jd men det \u00e4r s\u00e5 klart lite roligare att vara p\u00e5 r\u00e4tt sida och vinna.<\/p>\n<p>Sundling leder nu totala v\u00e4rldscupen.<\/p>\n<p>\u2013\u00a0Oj, det hade jag ingen aning om, s\u00e4ger hon.<\/p>\n<p>Nadine F\u00e4hndrich (Schweiz) kom trea, Dahlqvist blev fyra och Svahn femma.<\/p>\n<p>Segern var Sundlings andra p\u00e5 tv\u00e5 dagar i Davos efter att \u00e4ven ha vunnit sprintstafetten ihop med Maja Dahlqvist.<\/p>\n","protected":false},"excerpt":{"rendered":"Publicerad 13 dec 2025 kl 17.45Uppdaterad kl 18.56 Tre svenskor i sprintfinal. D\u00e5 vann Jonna Sundling i Davos&hellip;\n","protected":false},"author":2,"featured_media":104859,"comment_status":"","ping_status":"","sticky":false,"template":"","format":"standard","meta":{"footnotes":""},"categories":[68],"tags":[3482,4988,4711,34,857,111,110,31,33,32,30],"class_list":{"0":"post-104858","1":"post","2":"type-post","3":"status-publish","4":"format-standard","5":"has-post-thumbnail","7":"category-sport","8":"tag-person-jonna-sundling","9":"tag-person-linn-svahn","10":"tag-person-maja-dahlqvist","11":"tag-se","12":"tag-sections-langdskidor","13":"tag-sport","14":"tag-sports","15":"tag-svenska","16":"tag-sverige","17":"tag-sweden","18":"tag-swedish"},"share_on_mastodon":{"url":"https:\/\/pubeurope.com\/@se\/115713803767553711","error":""},"_links":{"self":[{"href":"https:\/\/www.europesays.com\/se\/wp-json\/wp\/v2\/posts\/104858","targetHints":{"allow":["GET"]}}],"collection":[{"href":"https:\/\/www.europesays.com\/se\/wp-json\/wp\/v2\/posts"}],"about":[{"href":"https:\/\/www.europesays.com\/se\/wp-json\/wp\/v2\/types\/post"}],"author":[{"embeddable":true,"href":"https:\/\/www.europesays.com\/se\/wp-json\/wp\/v2\/users\/2"}],"replies":[{"embeddable":true,"href":"https:\/\/www.europesays.com\/se\/wp-json\/wp\/v2\/comments?post=104858"}],"version-history":[{"count":0,"href":"https:\/\/www.europesays.com\/se\/wp-json\/wp\/v2\/posts\/104858\/revisions"}],"wp:featuredmedia":[{"embeddable":true,"href":"https:\/\/www.europesays.com\/se\/wp-json\/wp\/v2\/media\/104859"}],"wp:attachment":[{"href":"https:\/\/www.europesays.com\/se\/wp-json\/wp\/v2\/media?parent=104858"}],"wp:term":[{"taxonomy":"category","embeddable":true,"href":"https:\/\/www.europesays.com\/se\/wp-json\/wp\/v2\/categories?post=104858"},{"taxonomy":"post_tag","embeddable":true,"href":"https:\/\/www.europesays.com\/se\/wp-json\/wp\/v2\/tags?post=104858"}],"curies":[{"name":"wp","href":"https:\/\/api.w.org\/{rel}","templated":true}]}}