{"id":104870,"date":"2025-12-13T19:14:16","date_gmt":"2025-12-13T19:14:16","guid":{"rendered":"https:\/\/www.europesays.com\/se\/104870\/"},"modified":"2025-12-13T19:14:16","modified_gmt":"2025-12-13T19:14:16","slug":"lisa-berglund-27-paborjade-behandling-med-ett-lakemedel-for-viktminskning","status":"publish","type":"post","link":"https:\/\/www.europesays.com\/se\/104870\/","title":{"rendered":"Lisa Berglund, 27, p\u00e5b\u00f6rjade behandling med ett l\u00e4kemedel f\u00f6r viktminskning."},"content":{"rendered":"<p>Lisa Berglund, 27, p\u00e5b\u00f6rjade behandling med ett l\u00e4kemedel f\u00f6r viktminskning efter att hon f\u00e5tt sitt f\u00f6rsta barn.<\/p>\n<p>Hon dog dagen innan sin dotters ett\u00e5rsdag.\u00a0<\/p>\n<p>\u2013 V\u00e5rden borde ta sitt ansvar, s\u00e4ger Lisas mamma Ylva.\u00a0<\/p>\n<p>Senaste nyhetsklippen fr\u00e5n Expressen.<img   alt=\"\"\/><\/p>\n<p>Lisa Berglund blev mamma i september 2022.<\/p>\n<p>Foto: Privat<\/p>\n<p>\u00d6ppna bild i helsk\u00e4rm<\/p>\n<p>Lisa Berglund fr\u00e5n Skellefte\u00e5 var den typen av person som det \u00e4r l\u00e4tt att tycka om. Glad, social och humoristisk.\u00a0<\/p>\n<p>\u2013 Hon var otroligt omtyckt av alla, s\u00e4ger mamma Ylva Berglund.<\/p>\n<p>Lisa trivdes lika bra i kompisg\u00e4nget som hemma framf\u00f6r tv-serier eller i familjens stuga, d\u00e4r hon g\u00e4rna spelade spel eller fiskade. Hon flyttade till Pite\u00e5 f\u00f6r k\u00e4rleken och dr\u00f6mde om en stor familj med m\u00e5nga barn.\u00a0<\/p>\n<p>Hon blev mamma i september 2022. Dottern var en stor anledning till att Lisa i slutet p\u00e5 samma \u00e5r v\u00e4nde sig till h\u00e4lsocentralen f\u00f6r hj\u00e4lp med sin \u00f6vervikt, som hon l\u00e4nge tampats med, ber\u00e4ttar mamman.<\/p>\n<p>\u2013 Hon ville fram\u00e5t leka mer obehindrat. Man blir ju mindre r\u00f6rlig n\u00e4r man \u00e4r stor och hon ville kunna vara mer aktiv, s\u00e4ger Ylva som ocks\u00e5 har pratat med <a href=\"https:\/\/www.pt.se\/story-nyheter\/pitea\/artikel\/ivo-utreder-lisa-berglunds-dodsfall-i-pitea\/jp21m8mr\" rel=\"nofollow noopener\" target=\"_blank\">Pite\u00e5-Tidningen.\u00a0<\/a><\/p>\n<p>Artikeln i korthet<\/p>\n<p> Lisa Berglund, 27, dog av en inflammation i bukspottsk\u00f6rteln som utvecklats till nekrotiserande pankreatit, vilket inneb\u00e4r att bukspottsk\u00f6rtelns v\u00e4vnad hade b\u00f6rjat d\u00f6.\u00a0<\/p>\n<p> Inflammationen orsakades sannolikt av gallsten, en vanlig biverkning av viktminskningsl\u00e4kemedlet Saxenda, som uppt\u00e4cktes sent trots upprepade v\u00e5rdkontakter.\u00a0<\/p>\n<p> Lisas familj har anm\u00e4lt \u00e4rendet till IVO, inspektionen f\u00f6r v\u00e5rd och omsorg.\u00a0<\/p>\n<p>Visa mer<img loading=\"lazy\"   alt=\"\"\/><\/p>\n<p>Lisa p\u00e5b\u00f6rjade behandling med ett l\u00e4kemedel f\u00f6r viktminskning efter att hon f\u00e5tt sitt f\u00f6rsta barn.<\/p>\n<p>Foto: Privat<\/p>\n<p>\u00d6ppna bild i helsk\u00e4rm<img loading=\"lazy\"   alt=\"\"\/><\/p>\n<p>\u2013 Hon var otroligt omtyckt av alla, s\u00e4ger Lisas mamma Ylva Berglund.<\/p>\n<p>Foto: Privat<\/p>\n<p>\u00d6ppna bild i helsk\u00e4rmL\u00e4kemedel f\u00f6r viktminskning\u00a0<\/p>\n<p>Det f\u00f6rsta steget var r\u00e5dgivning kring kost och tr\u00e4ning. Den kompletterades med viktminskningsl\u00e4kemedlet Saxenda fr\u00e5n och med januari 2023.<\/p>\n<p>Lisa b\u00f6rjade f\u00e5 ont i magen ett par veckor senare. Sm\u00e4rtorna kom och gick i allt t\u00e4tare skov, s\u00e4ger Ylva.<\/p>\n<p>\u2013 Med tiden tillkom kr\u00e4kningar och annat. Det blev v\u00e4rre och v\u00e4rre.<\/p>\n<p>Lisa s\u00f6kte v\u00e5rd flera g\u00e5nger i maj, juni och juli samma \u00e5r. V\u00e5rden misst\u00e4nkte magkatarr och hon rekommenderades skonkost, allts\u00e5 l\u00e4ttsm\u00e4lt och milt kryddad mat.\u00a0<\/p>\n<p>Den 8 juni fick hon remiss till ett ultraljud. N\u00e4r hon fick tid i augusti visade det gallsten, som \u00e4r en vanlig biverkning av Saxenda enligt l\u00e4kemedlets bipacksedel.\u00a0<\/p>\n<p>Morgonen efter ultraljudet hade Lisa s\u00e5 ont i magen att hennes sv\u00e4rmor ringde ambulans.<\/p>\n<p>P\u00e5 akuten konstaterades en inflammation i bukspottsk\u00f6rteln.<\/p>\n<p><img loading=\"lazy\"   alt=\"\"\/><\/p>\n<p>Lisa Berglund och mamma Ylva Berglund.<\/p>\n<p>Foto: Privat<\/p>\n<p>\u00d6ppna bild i helsk\u00e4rmBlev snabbt s\u00e4mre<\/p>\n<p>Lisa skickades vidare till Sunderby sjukhus i Lule\u00e5.\u00a0<\/p>\n<p>D\u00e4r f\u00f6rv\u00e4rrades l\u00e4get snabbt. Hon diagnostiserades med nekrotiserande pankreatit, vilket inneb\u00e4r att bukspottsk\u00f6rtelns v\u00e4vnad hade b\u00f6rjat d\u00f6.<\/p>\n<p>Flera komplikationer tillkom.<\/p>\n<p>Tv\u00e5 veckor senare s\u00f6vdes hon ner och kopplades till respirator.<\/p>\n<p>\u2013 Jag f\u00f6rs\u00f6kte sitta och prata med henne, s\u00e5 att hon skulle h\u00f6ra att vi var d\u00e4r. Men det \u00e4r klart man var r\u00e4dd. Det \u00e4r fruktansv\u00e4rt att se sitt barn s\u00e5 sv\u00e5rt sjukt, s\u00e4ger Ylva.\u00a0<\/p>\n<p>Annons<\/p>\n<p>Lisa vaknade aldrig igen.<\/p>\n<p>Hon dog den 7 september 2023, omgiven av sina n\u00e4ra.\u00a0<\/p>\n<p>Dagen efter fyllde hennes dotter ett \u00e5r.\u00a0<\/p>\n<p><img loading=\"lazy\"   alt=\"\"\/><\/p>\n<p>Lisa dog dagen innan hennes dotter skulle fylla ett \u00e5r.<\/p>\n<p>Foto: Privat<\/p>\n<p>\u00d6ppna bild i helsk\u00e4rm<img loading=\"lazy\"   alt=\"\"\/><\/p>\n<p>N\u00e4r Lisas dotter tr\u00e4ffar sina morf\u00f6r\u00e4ldrar brukar de prata om \u201dmamma Lisa\u201d, titta p\u00e5 bilder och g\u00e5 till graven och t\u00e4nda ljus.<\/p>\n<p>Foto: Privat<\/p>\n<p>\u00d6ppna bild i helsk\u00e4rmGallsten vanlig biverkning\u00a0<\/p>\n<p>Det finns inget i Lisas journaler som tyder p\u00e5 att hon n\u00e5gonsin informerades av v\u00e5rden om att gallsten \u00e4r en relativt vanlig biverkning av Saxenda, enligt mamma Ylva. Hon \u00e4r ocks\u00e5 kritisk till hur behandlingen f\u00f6ljdes upp n\u00e4r Lisa kontaktade v\u00e5rden med sina besv\u00e4r under v\u00e5ren.<\/p>\n<p>\u2013 Jag tycker att det \u00e4r m\u00e4rkligt att man inte reagerar n\u00e4r det h\u00e4r sker efter att man har satt in ett l\u00e4kemedel. Jag tycker att det \u00e4r en miss.\u00a0<\/p>\n<p>D\u00e4remot pratade Lisa sj\u00e4lv redan under v\u00e5ren om att sm\u00e4rtorna kanske kunde vara kopplade till viktminskningsl\u00e4kemedlet, s\u00e4ger Ylva.<\/p>\n<p>\u2013 Hon slutade sj\u00e4lv ta det i slutet av maj eftersom hon ville se om sm\u00e4rtorna f\u00f6rsvann. Det gjorde de inte, s\u00e4ger Ylva.<\/p>\n<p>Anm\u00e4lt\u00a0<\/p>\n<p>\u00c4rendet har anm\u00e4lts till IVO, inspektionen f\u00f6r v\u00e5rd och omsorg.<\/p>\n<p>Det har ocks\u00e5 utretts av patientskadef\u00f6rs\u00e4kringen L\u00f6f, som anser att den sena handl\u00e4ggningen och diagnosen \u201dmed \u00f6verv\u00e4gande sannolikhet orsakat d\u00f6dsfallet\u201d.<\/p>\n<p>Svenska l\u00e4kemedelsf\u00f6rs\u00e4kringen, som ocks\u00e5 tittat p\u00e5 Lisas \u00e4rende, g\u00f6r bed\u00f6mningen att \u201dbristande uppf\u00f6ljning\u201d \u00e4r anledningen till att hon fick nekrotiserande pankreatit.\u00a0<\/p>\n<p>Lisa dog allts\u00e5 inte av sj\u00e4lva l\u00e4kemedlet. D\u00e4remot kan det ha varit anledningen till att hon fick gallsten, som i sin tur sannolikt orsakade inflammationen i bukspottsk\u00f6rteln.\u00a0<\/p>\n<p>\u2013 Vi f\u00e5r aldrig tillbaka Lisa, men vi vill uppm\u00e4rksamma andra p\u00e5 att det h\u00e4r kan h\u00e4nda, s\u00e4ger Ylva.\u00a0<\/p>\n<p>Saxenda<\/p>\n<p> Saxenda \u00e4r ett l\u00e4kemedel f\u00f6r viktkontroll som inneh\u00e5ller den aktiva substansen liraglutid.<\/p>\n<p> Det anv\u00e4nds f\u00f6r viktminskning i kombination med anpassad kost och motion.<\/p>\n<p> Saxenda fungerar genom att verka p\u00e5 receptorer i hj\u00e4rnan som kontrollerar aptiten, som leder till att man k\u00e4nner sig m\u00e4ttare och mindre hungrig. Det kan hj\u00e4lpa en att \u00e4ta mindre och att minska kroppsvikten.<\/p>\n<p> Gallsten \u00e4r enligt l\u00e4kemedlets bipacksedel en av flera vanliga biverkningar, som kan f\u00f6rekomma hos upp till en av tio anv\u00e4ndare.<\/p>\n<p> I samma bipacksedel listas inflammation i bukspottsk\u00f6rteln (pankreatit) som \u201den mindre vanlig biverkning som rapporterats hos patienter som anv\u00e4nt Saxenda\u201d. Den som f\u00e5r \u201dsv\u00e5r och ih\u00e5llande sm\u00e4rta i buken (magen) som kan str\u00e5la ut mot ryggen samt illam\u00e5ende och kr\u00e4kningar\u201d ska sluta ta Saxenda och \u201dkontakta l\u00e4kare omedelbart\u201d.<\/p>\n<p>K\u00e4lla: Fass<\/p>\n<p>Visa merT\u00e4nder ljus med Lisas dotter<\/p>\n<p>Lisas dotter \u00e4r i dag drygt tre \u00e5r.<\/p>\n<p>N\u00e4r hon tr\u00e4ffar sina morf\u00f6r\u00e4ldrar brukar de prata om \u201dmamma Lisa\u201d. De tittar p\u00e5 bilder och g\u00e5r till graven och t\u00e4nder ljus.<\/p>\n<p>\u2013 Hon har fr\u00e5gat: \u201dvar \u00e4r hon d\u00e5?\u201d. Man ska inte vara r\u00e4dd f\u00f6r att prata om d\u00f6den, men det \u00e4r sv\u00e5rt att veta vad som \u00e4r r\u00e4tt och fel \u00e4ven om barn ganska l\u00e4tt accepterar att saker \u00e4r som de \u00e4r, s\u00e4ger Ylva.<\/p>\n","protected":false},"excerpt":{"rendered":"Lisa Berglund, 27, p\u00e5b\u00f6rjade behandling med ett l\u00e4kemedel f\u00f6r viktminskning efter att hon f\u00e5tt sitt f\u00f6rsta barn. Hon&hellip;\n","protected":false},"author":2,"featured_media":104871,"comment_status":"","ping_status":"","sticky":false,"template":"","format":"standard","meta":{"footnotes":""},"categories":[12],"tags":[22,23,26,27,17,21,24,25,28,29,15,16,18,34,154,31,33,32,30,19,20],"class_list":{"0":"post-104870","1":"post","2":"type-post","3":"status-publish","4":"format-standard","5":"has-post-thumbnail","7":"category-sverige","8":"tag-breaking-news","9":"tag-breakingnews","10":"tag-featured-news","11":"tag-featurednews","12":"tag-headlines","13":"tag-huvudnyheter","14":"tag-latest-news","15":"tag-latestnews","16":"tag-main-news","17":"tag-mainnews","18":"tag-news","19":"tag-nyheter","20":"tag-rubriker","21":"tag-se","22":"tag-sections-sverige","23":"tag-svenska","24":"tag-sverige","25":"tag-sweden","26":"tag-swedish","27":"tag-top-stories","28":"tag-topstories"},"share_on_mastodon":{"url":"https:\/\/pubeurope.com\/@se\/115713858851258460","error":""},"_links":{"self":[{"href":"https:\/\/www.europesays.com\/se\/wp-json\/wp\/v2\/posts\/104870","targetHints":{"allow":["GET"]}}],"collection":[{"href":"https:\/\/www.europesays.com\/se\/wp-json\/wp\/v2\/posts"}],"about":[{"href":"https:\/\/www.europesays.com\/se\/wp-json\/wp\/v2\/types\/post"}],"author":[{"embeddable":true,"href":"https:\/\/www.europesays.com\/se\/wp-json\/wp\/v2\/users\/2"}],"replies":[{"embeddable":true,"href":"https:\/\/www.europesays.com\/se\/wp-json\/wp\/v2\/comments?post=104870"}],"version-history":[{"count":0,"href":"https:\/\/www.europesays.com\/se\/wp-json\/wp\/v2\/posts\/104870\/revisions"}],"wp:featuredmedia":[{"embeddable":true,"href":"https:\/\/www.europesays.com\/se\/wp-json\/wp\/v2\/media\/104871"}],"wp:attachment":[{"href":"https:\/\/www.europesays.com\/se\/wp-json\/wp\/v2\/media?parent=104870"}],"wp:term":[{"taxonomy":"category","embeddable":true,"href":"https:\/\/www.europesays.com\/se\/wp-json\/wp\/v2\/categories?post=104870"},{"taxonomy":"post_tag","embeddable":true,"href":"https:\/\/www.europesays.com\/se\/wp-json\/wp\/v2\/tags?post=104870"}],"curies":[{"name":"wp","href":"https:\/\/api.w.org\/{rel}","templated":true}]}}