{"id":104878,"date":"2025-12-13T19:19:18","date_gmt":"2025-12-13T19:19:18","guid":{"rendered":"https:\/\/www.europesays.com\/se\/104878\/"},"modified":"2025-12-13T19:19:18","modified_gmt":"2025-12-13T19:19:18","slug":"gripande-nar-lotte-lasersteins-ode-skildras-pa-scenen-barometern-ot","status":"publish","type":"post","link":"https:\/\/www.europesays.com\/se\/104878\/","title":{"rendered":"Gripande n\u00e4r Lotte Lasersteins \u00f6de skildras p\u00e5 scenen \u2013 Barometern-OT"},"content":{"rendered":"<p>Konstn\u00e4ren Lotte Laserstein kom till Sverige som flykting. Efter m\u00e5nga \u00e5r i Stockholm skaffade hon sig sommarhus p\u00e5 \u00d6land och bosatte sig sedan i Kalmar. Med musikteatern \u201dLotte Laserstein, Berlin-R\u00e4pplinge\u201d som hade premi\u00e4r p\u00e5 Kalmar slott i fredags blir hon \u00e5ter h\u00f6gaktuell. Det \u00e4r en helgjuten f\u00f6rest\u00e4llning d\u00e4r text, musik och s\u00e5ng gestaltar ett livs\u00f6de.<\/p>\n","protected":false},"excerpt":{"rendered":"Konstn\u00e4ren Lotte Laserstein kom till Sverige som flykting. Efter m\u00e5nga \u00e5r i Stockholm skaffade hon sig sommarhus p\u00e5&hellip;\n","protected":false},"author":2,"featured_media":104879,"comment_status":"","ping_status":"","sticky":false,"template":"","format":"standard","meta":{"footnotes":""},"categories":[67],"tags":[104,34,31,33,32,30,105],"class_list":{"0":"post-104878","1":"post","2":"type-post","3":"status-publish","4":"format-standard","5":"has-post-thumbnail","7":"category-underhallning","8":"tag-entertainment","9":"tag-se","10":"tag-svenska","11":"tag-sverige","12":"tag-sweden","13":"tag-swedish","14":"tag-underhallning"},"share_on_mastodon":{"url":"https:\/\/pubeurope.com\/@se\/115713878599680121","error":""},"_links":{"self":[{"href":"https:\/\/www.europesays.com\/se\/wp-json\/wp\/v2\/posts\/104878","targetHints":{"allow":["GET"]}}],"collection":[{"href":"https:\/\/www.europesays.com\/se\/wp-json\/wp\/v2\/posts"}],"about":[{"href":"https:\/\/www.europesays.com\/se\/wp-json\/wp\/v2\/types\/post"}],"author":[{"embeddable":true,"href":"https:\/\/www.europesays.com\/se\/wp-json\/wp\/v2\/users\/2"}],"replies":[{"embeddable":true,"href":"https:\/\/www.europesays.com\/se\/wp-json\/wp\/v2\/comments?post=104878"}],"version-history":[{"count":0,"href":"https:\/\/www.europesays.com\/se\/wp-json\/wp\/v2\/posts\/104878\/revisions"}],"wp:featuredmedia":[{"embeddable":true,"href":"https:\/\/www.europesays.com\/se\/wp-json\/wp\/v2\/media\/104879"}],"wp:attachment":[{"href":"https:\/\/www.europesays.com\/se\/wp-json\/wp\/v2\/media?parent=104878"}],"wp:term":[{"taxonomy":"category","embeddable":true,"href":"https:\/\/www.europesays.com\/se\/wp-json\/wp\/v2\/categories?post=104878"},{"taxonomy":"post_tag","embeddable":true,"href":"https:\/\/www.europesays.com\/se\/wp-json\/wp\/v2\/tags?post=104878"}],"curies":[{"name":"wp","href":"https:\/\/api.w.org\/{rel}","templated":true}]}}