{"id":104881,"date":"2025-12-13T19:25:58","date_gmt":"2025-12-13T19:25:58","guid":{"rendered":"https:\/\/www.europesays.com\/se\/104881\/"},"modified":"2025-12-13T19:25:58","modified_gmt":"2025-12-13T19:25:58","slug":"ryssland-uppger-att-sju-skadats-i-dronaranfall","status":"publish","type":"post","link":"https:\/\/www.europesays.com\/se\/104881\/","title":{"rendered":"Ryssland uppger att sju skadats i dr\u00f6naranfall"},"content":{"rendered":"<p>Sju personer skadades n\u00e4r en ukrainsk dr\u00f6nare slog ner i ett flerfamiljshus i Tver, nordv\u00e4st om Rysslands huvudstad Moskva, under natten. Det rapporterar AFP. <\/p>\n<p>En brand br\u00f6t ut i byggnaden och omkring 20 personer fick evakueras, enligt regionens guvern\u00f6r Vitalij Koroljov.<\/p>\n<p>Dr\u00f6narattacken \u00e4r en del av Ukrainas motanfall, som landet s\u00e4ger riktas mot rysk milit\u00e4r- och energiinfrastruktur. Ukraina har utsatts f\u00f6r n\u00e4stan dagliga attacker sedan Ryssland inledde sin fullskaliga invasion av landet 2022.<\/p>\n<p>Omni \u00e4r politiskt obundna och oberoende. Vi str\u00e4var efter att ge fler perspektiv p\u00e5 nyheterna. Har du fr\u00e5gor eller synpunkter kring v\u00e5r rapportering? <a href=\"https:\/\/omni.se\/ryssland-uppger-att-sju-skadats-i-dronaranfall\/a\/mailto:redaktion@omni.se\" class=\"ArticleActions_contactLink__W2F1M\" rel=\"nofollow noopener\" target=\"_blank\">Kontakta redaktionen<\/a><\/p>\n","protected":false},"excerpt":{"rendered":"Sju personer skadades n\u00e4r en ukrainsk dr\u00f6nare slog ner i ett flerfamiljshus i Tver, nordv\u00e4st om Rysslands huvudstad&hellip;\n","protected":false},"author":2,"featured_media":104882,"comment_status":"","ping_status":"","sticky":false,"template":"","format":"standard","meta":{"footnotes":""},"categories":[14],"tags":[22,23,267,26,27,17,21,24,25,28,29,15,16,18,269,264,34,31,33,32,30,19,20,263,51,52,53,54],"class_list":{"0":"post-104881","1":"post","2":"type-post","3":"status-publish","4":"format-standard","5":"has-post-thumbnail","7":"category-varlden","8":"tag-breaking-news","9":"tag-breakingnews","10":"tag-europa","11":"tag-featured-news","12":"tag-featurednews","13":"tag-headlines","14":"tag-huvudnyheter","15":"tag-latest-news","16":"tag-latestnews","17":"tag-main-news","18":"tag-mainnews","19":"tag-news","20":"tag-nyheter","21":"tag-rubriker","22":"tag-ryska-invasionen","23":"tag-ryssland","24":"tag-se","25":"tag-svenska","26":"tag-sverige","27":"tag-sweden","28":"tag-swedish","29":"tag-top-stories","30":"tag-topstories","31":"tag-ukraina","32":"tag-varlden","33":"tag-world","34":"tag-world-news","35":"tag-worldnews"},"share_on_mastodon":{"url":"https:\/\/pubeurope.com\/@se\/115713906055921988","error":""},"_links":{"self":[{"href":"https:\/\/www.europesays.com\/se\/wp-json\/wp\/v2\/posts\/104881","targetHints":{"allow":["GET"]}}],"collection":[{"href":"https:\/\/www.europesays.com\/se\/wp-json\/wp\/v2\/posts"}],"about":[{"href":"https:\/\/www.europesays.com\/se\/wp-json\/wp\/v2\/types\/post"}],"author":[{"embeddable":true,"href":"https:\/\/www.europesays.com\/se\/wp-json\/wp\/v2\/users\/2"}],"replies":[{"embeddable":true,"href":"https:\/\/www.europesays.com\/se\/wp-json\/wp\/v2\/comments?post=104881"}],"version-history":[{"count":0,"href":"https:\/\/www.europesays.com\/se\/wp-json\/wp\/v2\/posts\/104881\/revisions"}],"wp:featuredmedia":[{"embeddable":true,"href":"https:\/\/www.europesays.com\/se\/wp-json\/wp\/v2\/media\/104882"}],"wp:attachment":[{"href":"https:\/\/www.europesays.com\/se\/wp-json\/wp\/v2\/media?parent=104881"}],"wp:term":[{"taxonomy":"category","embeddable":true,"href":"https:\/\/www.europesays.com\/se\/wp-json\/wp\/v2\/categories?post=104881"},{"taxonomy":"post_tag","embeddable":true,"href":"https:\/\/www.europesays.com\/se\/wp-json\/wp\/v2\/tags?post=104881"}],"curies":[{"name":"wp","href":"https:\/\/api.w.org\/{rel}","templated":true}]}}