{"id":104916,"date":"2025-12-13T20:40:09","date_gmt":"2025-12-13T20:40:09","guid":{"rendered":"https:\/\/www.europesays.com\/se\/104916\/"},"modified":"2025-12-13T20:40:09","modified_gmt":"2025-12-13T20:40:09","slug":"af-ugglas-forsvarar-joakim-lundell-i-tv4","status":"publish","type":"post","link":"https:\/\/www.europesays.com\/se\/104916\/","title":{"rendered":"af Ugglas f\u00f6rsvarar Joakim Lundell i TV4"},"content":{"rendered":"<p>Publicerad 13 dec 2025 kl 20.45Uppdaterad kl 21.33<\/p>\n<p>Joakim Lundell k\u00e4nner sig underl\u00e4gsen musikaliskt i TV4:s nya \u201dK\u00f6rslaget\u201d.\u00a0<\/p>\n<p>Och efter upptr\u00e4dandet f\u00e5r han och k\u00f6ren en k\u00e4nga.\u00a0<\/p>\n<p>D\u00e5 kommer Carolina Af Ugglas till deras f\u00f6rsvar.\u00a0<\/p>\n<p><img   alt=\"\"\/><\/p>\n<p>Joakim Lundell g\u00f6r programmet bland annat f\u00f6r sin morfar.<\/p>\n<p>Foto: TV4<\/p>\n<p>\u00d6ppna bild i helsk\u00e4rm<img loading=\"lazy\"   alt=\"\"\/> <\/p>\n<p>Foto: TV4<\/p>\n<p>\u00d6ppna bild i helsk\u00e4rm<img loading=\"lazy\"   alt=\"\"\/><\/p>\n<p>Joakim Lundell mitt i k\u00f6ren.<\/p>\n<p>Foto: TV4<\/p>\n<p>\u00d6ppna bild i helsk\u00e4rm<img loading=\"lazy\"   alt=\"\"\/> <\/p>\n<p>Foto: TV4<\/p>\n<p>\u00d6ppna bild i helsk\u00e4rm<img loading=\"lazy\"   alt=\"\"\/> <\/p>\n<p>Foto: TV4<\/p>\n<p>\u00d6ppna bild i helsk\u00e4rm<\/p>\n<p>En vinnare av TV4:s nya \u201d<a href=\"https:\/\/www.expressen.se\/tagg\/organization\/korslaget\/\" class=\"\" rel=\"nofollow noopener\" target=\"_blank\">K\u00f6rslaget<\/a> \u2013 Tillsammans mot cancer \u201d ska kr\u00f6nas och p\u00e5 l\u00f6rdagen hade programmet premi\u00e4r.\u00a0<\/p>\n<p>Joakim Lundell, John Lundvik, Klara Hammarstr\u00f6m, Eric Gadd, Linnea Henriksson och Janice Kavander ska alla g\u00f6ra upp om titeln.\u00a0<\/p>\n<p>Joakim Lundell, som bland annat \u00e4r youtuber och producent, k\u00e4nner sig supernerv\u00f6s inf\u00f6r att tr\u00e4ffa k\u00f6ren f\u00f6r f\u00f6rsta g\u00e5ngen.\u00a0<\/p>\n<p>\u2013 Dels \u00e4r jag superintrovert och det h\u00e4r \u00e4r j\u00e4ttem\u00e5nga m\u00e4nniskor som s\u00e4kert har j\u00e4ttej\u00e4ttemycket f\u00f6rv\u00e4ntningar p\u00e5 mig, s\u00e4ger han i TV4.\u00a0<\/p>\n<p>N\u00e4r k\u00f6ren kommer hem till honom f\u00f6r att de ska prata ihop sig inf\u00f6r t\u00e4vlingen har han panik.\u00a0<\/p>\n<p>\u2013 Herrej\u00e4vlar, s\u00e4ger Lundell innan han \u00f6ppnar d\u00f6rren.\u00a0<\/p>\n<p>Joakim Lundell s\u00e4ger till k\u00f6ren att de har ett tufft motst\u00e5nd.\u00a0<\/p>\n<p>\u2013 Jag \u00e4r underl\u00e4gsen musikaliskt de andra, s\u00e5 \u00e4r det, men jag har varit producent i m\u00e5nga \u00e5r s\u00e5 jag har k\u00e4nsla i alla fall n\u00e4r n\u00e5gonting k\u00e4nns bra.\u00a0<\/p>\n<p>Lundell s\u00e4ger att han vet att det kommer att vara en tuff resa.\u00a0<\/p>\n<p>\u2013 Men jag vet att i slutet av det s\u00e5 kommer det vara v\u00e4rt f\u00f6r man g\u00f6r n\u00e5got som \u00e4r v\u00e4ldigt viktigt och jag kommer ta med mig min egen morfar in i det h\u00e4r som gick bort i cancer. Och g\u00f6ra det f\u00f6r honom.\u00a0<\/p>\n<p><img loading=\"lazy\"   alt=\"\"\/><\/p>\n<p>Joakim Lundell v\u00e4lkomnar k\u00f6ren till sitt hus.<\/p>\n<p>Foto: TV4<\/p>\n<p>\u00d6ppna bild i helsk\u00e4rm<img loading=\"lazy\"   alt=\"\"\/><\/p>\n<p>Han blir nerv\u00f6s n\u00e4r alla kommer in.<\/p>\n<p>Foto: TV4<\/p>\n<p>\u00d6ppna bild i helsk\u00e4rmaf ugglas: \u201dJag tycker det var underbart\u201d<\/p>\n<p>Efter att Joakim Lundell och k\u00f6ren HRK st\u00e4llt sig p\u00e5 scenen med Zara Larssons och Clean Bandits l\u00e5t \u201dSymphony\u201d \u00e4r jurymedlemmen Helene Stureborg aningen skeptisk.\u00a0<\/p>\n<p>\u2013 Jag tycker det var en imponerande start efter f\u00f6rsta uppst\u00e4llningen, jag t\u00e4nkte \u201dwow\u201d och vad ska det bli av det h\u00e4r? Sen blev det lite \u201dhela havet stormar\u201d p\u00e5 mitten.\u00a0<\/p>\n<p>Publiken avbryter Helene och skriker: \u201dBu\u201d.\u00a0<\/p>\n<p>D\u00e5 kommer Caroline af Ugglas till Joakim Lundells och k\u00f6rens f\u00f6rsvar.\u00a0<\/p>\n<p>\u2013 Jag tycker det var underbart och jag \u00e4lskade den d\u00e4r stormen som du just klankade ner p\u00e5, s\u00e4ger hon i programmet.\u00a0<\/p>\n","protected":false},"excerpt":{"rendered":"Publicerad 13 dec 2025 kl 20.45Uppdaterad kl 21.33 Joakim Lundell k\u00e4nner sig underl\u00e4gsen musikaliskt i TV4:s nya \u201dK\u00f6rslaget\u201d.\u00a0&hellip;\n","protected":false},"author":2,"featured_media":104917,"comment_status":"","ping_status":"","sticky":false,"template":"","format":"standard","meta":{"footnotes":""},"categories":[67],"tags":[104,11798,34,645,31,33,32,30,105],"class_list":{"0":"post-104916","1":"post","2":"type-post","3":"status-publish","4":"format-standard","5":"has-post-thumbnail","7":"category-underhallning","8":"tag-entertainment","9":"tag-organization-korslaget","10":"tag-se","11":"tag-sections-tv","12":"tag-svenska","13":"tag-sverige","14":"tag-sweden","15":"tag-swedish","16":"tag-underhallning"},"share_on_mastodon":{"url":"https:\/\/pubeurope.com\/@se\/115714196930777955","error":""},"_links":{"self":[{"href":"https:\/\/www.europesays.com\/se\/wp-json\/wp\/v2\/posts\/104916","targetHints":{"allow":["GET"]}}],"collection":[{"href":"https:\/\/www.europesays.com\/se\/wp-json\/wp\/v2\/posts"}],"about":[{"href":"https:\/\/www.europesays.com\/se\/wp-json\/wp\/v2\/types\/post"}],"author":[{"embeddable":true,"href":"https:\/\/www.europesays.com\/se\/wp-json\/wp\/v2\/users\/2"}],"replies":[{"embeddable":true,"href":"https:\/\/www.europesays.com\/se\/wp-json\/wp\/v2\/comments?post=104916"}],"version-history":[{"count":0,"href":"https:\/\/www.europesays.com\/se\/wp-json\/wp\/v2\/posts\/104916\/revisions"}],"wp:featuredmedia":[{"embeddable":true,"href":"https:\/\/www.europesays.com\/se\/wp-json\/wp\/v2\/media\/104917"}],"wp:attachment":[{"href":"https:\/\/www.europesays.com\/se\/wp-json\/wp\/v2\/media?parent=104916"}],"wp:term":[{"taxonomy":"category","embeddable":true,"href":"https:\/\/www.europesays.com\/se\/wp-json\/wp\/v2\/categories?post=104916"},{"taxonomy":"post_tag","embeddable":true,"href":"https:\/\/www.europesays.com\/se\/wp-json\/wp\/v2\/tags?post=104916"}],"curies":[{"name":"wp","href":"https:\/\/api.w.org\/{rel}","templated":true}]}}