{"id":104926,"date":"2025-12-13T20:48:09","date_gmt":"2025-12-13T20:48:09","guid":{"rendered":"https:\/\/www.europesays.com\/se\/104926\/"},"modified":"2025-12-13T20:48:09","modified_gmt":"2025-12-13T20:48:09","slug":"nya-korslaget-i-tv4-ar-aldrig-pest-men-inte-heller-fest","status":"publish","type":"post","link":"https:\/\/www.europesays.com\/se\/104926\/","title":{"rendered":"Nya K\u00f6rslaget i TV4 \u00e4r aldrig pest men inte heller fest"},"content":{"rendered":"<p>Mattias Bergqvist<\/p>\n<p>Publicerad 13 dec 2025 kl 21.30<\/p>\n<p>Aldrig pest.\u00a0<\/p>\n<p>Inte heller fest.\u00a0<\/p>\n<p>\u201dK\u00f6rslaget\u201d \u00e4r knappt v\u00e4rt en axelryckning.\u00a0<\/p>\n<p><img   alt=\"\"\/><\/p>\n<p>Eric Saade \u00e4r programledare f\u00f6r nya \u201dK\u00f6rslaget\u201d.<\/p>\n<p>Foto: Annika Berglund \/ TV4<\/p>\n<p>\u00d6ppna bild i helsk\u00e4rm<img loading=\"lazy\"   alt=\"\"\/><\/p>\n<p>Linnea Henriksson i nypremi\u00e4ren av \u201dK\u00f6rslaget\u201d.<\/p>\n<p>Foto: TV4<\/p>\n<p>\u00d6ppna bild i helsk\u00e4rm<\/p>\n<p>Detta \u00e4r en kr\u00f6nika. Analys och st\u00e4llningstaganden \u00e4r skribentens.<\/p>\n<p><img   alt=\"\"\/>Mattias Bergqvist<\/p>\n<p>F\u00f6rst: Nya \u201d<a href=\"https:\/\/www.expressen.se\/tagg\/organization\/korslaget\/\" class=\"\" rel=\"nofollow noopener\" target=\"_blank\">K\u00f6rslaget<\/a>\u201d har undertiteln \u201dTillsammans mot cancer\u201d. Programmet g\u00f6rs tillsammans med Cancerfonden. Finalen kombineras med insamlingskv\u00e4llen \u201dTillsammans mot cancer\u201d, vars syfte \u00e4r att samla in pengar till cancerforskning.\u00a0<\/p>\n<p>Kring detta kan ingen klaga och om det finns inget att orda, mer \u00e4n att det r\u00e4cker f\u00f6r att ge \u201dK\u00f6rslagets\u201d \u00e5terkomst existensber\u00e4ttigande. \u00a0<\/p>\n<p>Att titta p\u00e5 \u201dK\u00f6rslaget\u201d d\u00e4remot, det \u00e4r dels som att \u00e5terv\u00e4nda till en svunnen tv-tid och dels som att motvilligt bli medlem i en frikyrklig f\u00f6rsamling.\u00a0<\/p>\n<p><strong>Ingen vill nog f\u00f6rringa gl\u00e4djen hos de medverkande eller publiken p\u00e5 plats. Problemet \u00e4r att de delar en s\u00e5dan of\u00f6rst\u00e4lld lycka att en normalt funtad tv-tittare st\u00e4ngs ute. I \u201dK\u00f6rslaget\u201d tycks alla ha hittat skatten vid regnb\u00e5gens slut medan vi i soffan undrar vad som f\u00f6rsigg\u00e5r.\u00a0<\/strong><\/p>\n<p>Kanske \u00e4r den osminkade sanningen att entusiasmen i programmet \u00e4r p\u00e5tvingad av produktionen.\u00a0<\/p>\n<p>Det skulle g\u00f6ra det n\u00e5got l\u00e4ttare att f\u00f6rst\u00e5 och handskas med.\u00a0<\/p>\n<p><img loading=\"lazy\"   alt=\"\"\/><\/p>\n<p>K\u00f6rledarna i nya \u201dK\u00f6rslaget\u201d, som har premi\u00e4r 13 december.<\/p>\n<p>Foto: Annika Berglund \/ TV4<\/p>\n<p>\u00d6ppna bild i helsk\u00e4rm<img loading=\"lazy\"   alt=\"\"\/><\/p>\n<p>Helene Stureborg, Caroline af Ugglas och Cedwin Sandanam.<\/p>\n<p>Foto: Annika Berglund \/ TV4<\/p>\n<p>\u00d6ppna bild i helsk\u00e4rm<\/p>\n<p>Caroline af Ugglas var med och skapade det som i USA fick titeln \u201dClash of the choirs\u201d och som i Sverige kom att heta \u201dK\u00f6rslaget\u201d. F\u00f6rsta s\u00e4songen i TV4 s\u00e4ndes 2008. Jag minns de avsnitten som mer f\u00e4rgglada \u00e4n nypremi\u00e4ren p\u00e5 l\u00f6rdagskv\u00e4llen.\u00a0<\/p>\n<p>Nu k\u00e4nns det mesta underfinansierat.\u00a0<\/p>\n<p><strong>Scenografin passar p\u00e5 sin h\u00f6jd Lilla Melodifestivalen i b\u00f6rjan av 00-talet. Med undantag f\u00f6r Klara Hammarstr\u00f6ms k\u00f6r \u00e4r det som att de sjungande deltagarna blir en enda massa eftersom deras kl\u00e4der matchar bakgrunden.\u00a0<\/strong><\/p>\n<p>Det \u00e4r aldrig pest, men inte heller fest.\u00a0<\/p>\n<p>Ut\u00f6ver Klara Hammarstr\u00f6m \u00e4r det Joakim Lundell, John Lundvik, Eric Gadd, Linnea Henriksson och Janice Kavander som agerar k\u00f6rledare.\u00a0<\/p>\n<p>Ingen av dem st\u00e5r ut.\u00a0<\/p>\n<p>Ingen av dem tycks vilja f\u00e5 musiken att sv\u00e4nga mer \u00e4n n\u00f6dv\u00e4ndigt.\u00a0<\/p>\n<p>Ingen av dem verkar s\u00f6ka efter det d\u00e4r bombastiska som f\u00f6rknippas med bra k\u00f6rs\u00e5ng.\u00a0<\/p>\n<p>I juryn sitter Caroline af Ugglas, Helene Stureborg och Cedwin Sandanam. De har sn\u00e4rtiga och vettiga anm\u00e4rkningar.\u00a0<\/p>\n<p>Bra s\u00e5.\u00a0<\/p>\n<p>P\u00e5 scen finns \u00e4ven programledaren Eric Saade. Han g\u00f6r vad han ska. Ett g\u00f6teborgssk\u00e4mt \u00e4r l\u00e4nge avsnittets h\u00f6jdpunkt. \u00a0<\/p>\n<p>Mot slutet av premi\u00e4ren m\u00e4rks deltagarnas nervositet och hur viktigt det h\u00e4r \u00e4r f\u00f6r dem.\u00a0<\/p>\n<p>Fint s\u00e5. \u00a0<\/p>\n<p>Det som sedan h\u00e4nder borde f\u00e5 luften att tillf\u00e4lligt g\u00e5 ur tv-programmet.\u00a0<\/p>\n<p>I st\u00e4llet upplevs det som knappt v\u00e4rt en axelryckning.\u00a0<\/p>\n","protected":false},"excerpt":{"rendered":"Mattias Bergqvist Publicerad 13 dec 2025 kl 21.30 Aldrig pest.\u00a0 Inte heller fest.\u00a0 \u201dK\u00f6rslaget\u201d \u00e4r knappt v\u00e4rt en&hellip;\n","protected":false},"author":2,"featured_media":104927,"comment_status":"","ping_status":"","sticky":false,"template":"","format":"standard","meta":{"footnotes":""},"categories":[67],"tags":[104,11798,836,34,305,1572,31,33,32,30,646,105],"class_list":{"0":"post-104926","1":"post","2":"type-post","3":"status-publish","4":"format-standard","5":"has-post-thumbnail","7":"category-underhallning","8":"tag-entertainment","9":"tag-organization-korslaget","10":"tag-organization-tv4-play","11":"tag-se","12":"tag-sections-kronikorer","13":"tag-sections-mattiasbergqvist","14":"tag-svenska","15":"tag-sverige","16":"tag-sweden","17":"tag-swedish","18":"tag-topic-tv-serier","19":"tag-underhallning"},"share_on_mastodon":{"url":"https:\/\/pubeurope.com\/@se\/115714228488496493","error":""},"_links":{"self":[{"href":"https:\/\/www.europesays.com\/se\/wp-json\/wp\/v2\/posts\/104926","targetHints":{"allow":["GET"]}}],"collection":[{"href":"https:\/\/www.europesays.com\/se\/wp-json\/wp\/v2\/posts"}],"about":[{"href":"https:\/\/www.europesays.com\/se\/wp-json\/wp\/v2\/types\/post"}],"author":[{"embeddable":true,"href":"https:\/\/www.europesays.com\/se\/wp-json\/wp\/v2\/users\/2"}],"replies":[{"embeddable":true,"href":"https:\/\/www.europesays.com\/se\/wp-json\/wp\/v2\/comments?post=104926"}],"version-history":[{"count":0,"href":"https:\/\/www.europesays.com\/se\/wp-json\/wp\/v2\/posts\/104926\/revisions"}],"wp:featuredmedia":[{"embeddable":true,"href":"https:\/\/www.europesays.com\/se\/wp-json\/wp\/v2\/media\/104927"}],"wp:attachment":[{"href":"https:\/\/www.europesays.com\/se\/wp-json\/wp\/v2\/media?parent=104926"}],"wp:term":[{"taxonomy":"category","embeddable":true,"href":"https:\/\/www.europesays.com\/se\/wp-json\/wp\/v2\/categories?post=104926"},{"taxonomy":"post_tag","embeddable":true,"href":"https:\/\/www.europesays.com\/se\/wp-json\/wp\/v2\/tags?post=104926"}],"curies":[{"name":"wp","href":"https:\/\/api.w.org\/{rel}","templated":true}]}}